{"id":120169,"date":"2014-02-26T00:14:34","date_gmt":"2014-02-26T00:14:34","guid":{"rendered":"http:\/\/www.fuldaer-nachrichten.de\/?p=120169"},"modified":"2014-02-25T18:36:26","modified_gmt":"2014-02-25T18:36:26","slug":"adoption-ein-thema-der-frauenwoche","status":"publish","type":"post","link":"https:\/\/www.fuldaernachrichten.de\/?p=120169","title":{"rendered":"Adoption \u2013 ein Thema der Frauenwoche"},"content":{"rendered":"<p>Fulda. \u201eWenn zwei das Gleiche tun, ist es noch lange nicht dasselbe\u201c \u2013 so lautet das Motto der Frauenwoche 2014. Inwiefern diese alte Weisheit auch auf das Thema Adoption zutrifft, wollen Iris Egger-Otholt und Eva-Maria Ries am Montag, 10. M\u00e4rz, im Vortragssaal des Fuldaer Vonderau Museums beleuchten. Iris Egger-Otholt, Leiterin der gemeinsamen Zentralen Adoptionsstelle f\u00fcr Rheinland-Pfalz und Hessen, f\u00fchrt in ihrem Vortrag, der um 17 Uhr beginnt, durch die Geschichte der Adoption bis hin zur Gegenwart. Die Juristin wird auch die zuk\u00fcnftigen Herausforderungen beleuchten und die Adoptionsmotive, die sich im Laufe der Zeit ver\u00e4ndert haben, genauer unter die Lupe nehmen.<!--more--><\/p>\n<p>Eva-Maria Ries kn\u00fcpft um 19 Uhr mit einem Workshop an den Vortrag an und gibt Einblicke in die Welten abgebender und annehmender Eltern. Die Sichtweisen abgebender M\u00fctter stehen dabei im Fokus der Diplom-Sozialarbeiterin und Systemischen Therapeutin, die &#8211; aufgrund ihrer langj\u00e4hrigen Arbeit mit Eltern und M\u00fcttern \u2013 unterschiedliche Blickwinkel anhand konkreter Beispiele vermitteln kann.<\/p>\n<p>Die Veranstalter, die gemeinsame Adoptionsvermittlungsstelle der Landkreise Fulda und Hersfeld-Rotenburg und der Stadt Fulda sowie der Adoptionsdienst des Sozialdienstes katholischer Frauen, hoffen, dass Vortrag und Workshop dazu beitragen, die Komplexit\u00e4t des Themas Adoption besser zu verstehen. Eigene Sichtweisen der Teilnehmenden, kritische Fragen und ein konstruktiver Dialog sind ausdr\u00fccklich erw\u00fcnscht.<\/p>\n<p>Zwischen Vortrag und Workshop stehen die Veranstalter f\u00fcr Fragen zur Verf\u00fcgung. Weiterf\u00fchrende Literatur und Informationsmaterial werden an einem B\u00fcchertisch angeboten.<\/p>\n","protected":false},"excerpt":{"rendered":"<div class=\"tmnf_excerpt\"><p>Fulda. \u201eWenn zwei das Gleiche tun, ist es noch lange nicht dasselbe\u201c \u2013 so lautet das Motto der Frauenwoche 2014. Inwiefern diese alte Weisheit auch auf das Thema Adoption zutrifft, wollen Iris Egger-Otholt und Eva-Maria Ries am Montag, 10. M\u00e4rz, im Vortragssaal des Fuldaer Vonderau Museums beleuchten. Iris Egger-Otholt, Leiterin der gemeinsamen Zentralen Adoptionsstelle f\u00fcr &hellip;<\/p>\n<\/div>","protected":false},"author":1,"featured_media":0,"comment_status":"closed","ping_status":"closed","sticky":false,"template":"","format":"standard","meta":{"footnotes":""},"categories":[1,72],"tags":[],"class_list":["post-120169","post","type-post","status-publish","format-standard","hentry","category-startseite","category-jugend"],"_links":{"self":[{"href":"https:\/\/www.fuldaernachrichten.de\/index.php?rest_route=\/wp\/v2\/posts\/120169","targetHints":{"allow":["GET"]}}],"collection":[{"href":"https:\/\/www.fuldaernachrichten.de\/index.php?rest_route=\/wp\/v2\/posts"}],"about":[{"href":"https:\/\/www.fuldaernachrichten.de\/index.php?rest_route=\/wp\/v2\/types\/post"}],"author":[{"embeddable":true,"href":"https:\/\/www.fuldaernachrichten.de\/index.php?rest_route=\/wp\/v2\/users\/1"}],"replies":[{"embeddable":true,"href":"https:\/\/www.fuldaernachrichten.de\/index.php?rest_route=%2Fwp%2Fv2%2Fcomments&post=120169"}],"version-history":[{"count":1,"href":"https:\/\/www.fuldaernachrichten.de\/index.php?rest_route=\/wp\/v2\/posts\/120169\/revisions"}],"predecessor-version":[{"id":120170,"href":"https:\/\/www.fuldaernachrichten.de\/index.php?rest_route=\/wp\/v2\/posts\/120169\/revisions\/120170"}],"wp:attachment":[{"href":"https:\/\/www.fuldaernachrichten.de\/index.php?rest_route=%2Fwp%2Fv2%2Fmedia&parent=120169"}],"wp:term":[{"taxonomy":"category","embeddable":true,"href":"https:\/\/www.fuldaernachrichten.de\/index.php?rest_route=%2Fwp%2Fv2%2Fcategories&post=120169"},{"taxonomy":"post_tag","embeddable":true,"href":"https:\/\/www.fuldaernachrichten.de\/index.php?rest_route=%2Fwp%2Fv2%2Ftags&post=120169"}],"curies":[{"name":"wp","href":"https:\/\/api.w.org\/{rel}","templated":true}]}}