{"id":120128,"date":"2014-02-24T00:09:03","date_gmt":"2014-02-24T00:09:03","guid":{"rendered":"http:\/\/www.fuldaer-nachrichten.de\/?p=120128"},"modified":"2014-02-24T17:52:20","modified_gmt":"2014-02-24T17:52:20","slug":"praeventionskampagne-der-volkshochschulen-sonderheft-der-apotheken-umschau-liegt-in-kreis-vhs-am-gallasiniring-aus","status":"publish","type":"post","link":"https:\/\/www.fuldaernachrichten.de\/?p=120128","title":{"rendered":"Pr\u00e4ventionskampagne der Volkshochschulen &#8211; Sonderheft der Apotheken Umschau liegt in Kreis-VHS am Gallasiniring aus"},"content":{"rendered":"<p><a href=\"http:\/\/www.fuldaer-nachrichten.de\/wp-content\/uploads\/2014\/02\/140224_Ich-beweg-mich1.jpg\"><img fetchpriority=\"high\" decoding=\"async\" class=\"alignnone size-full wp-image-120131\" alt=\"140224_Ich beweg mich\" src=\"http:\/\/www.fuldaer-nachrichten.de\/wp-content\/uploads\/2014\/02\/140224_Ich-beweg-mich1.jpg\" width=\"560\" height=\"450\" \/><\/a><\/p>\n<p>Fulda. Ganz bewusst mehr Bewegung in Alltag und Freizeit einbauen \u2013 wie das geht, zeigt das \u201eIch beweg&#8217; mich!\u201c-Sonderheft der Apotheken Umschau zur gleichnamigen Pr\u00e4ventionskampagne. Das hochwertig gestaltete Magazin bietet auf 90 Seiten vielf\u00e4ltige Gesundheitsinformationen, Motivations- und Fitness-Vorschl\u00e4ge sowie konkrete Trainingstipps. Mit ausf\u00fchrlichen Tests k\u00f6nnen die Leserinnen und Leser sich selbst einordnen und ihre pers\u00f6nlichen Fitnessziele erstellen. Und weil die ersten Schritte in ein bewegtes Leben meist die schwersten sind, werden Menschen vorgestellt, die trotz Zeitmangels, Krankheit oder fortgeschrittenen Alters ein aktives Leben f\u00fchren.<!--more--><\/p>\n<p>Das Sonderheft ist Teil der Kooperation mit den deutschen Volkshochschulen, die seit 2013 Fitnesskurse auf Basis des \u201eIch beweg&#8217; mich\u201c-Konzepts anbieten. \u201eIn den Volkshochschulen erleben Menschen hautnah, wie viel Spa\u00df ein aktives Leben macht\u201c, sagt Professor Dr. Rita S\u00fcssmuth, Pr\u00e4sidentin des Deutschen Volkshochschul-Verbands. Mehr als 400 Volkshochschulen in Deutschland machen inzwischen bei der Aktion mit. Dazu z\u00e4hlt auch die VHS des Landkreises Fulda.<\/p>\n<p>\u201eWir wollen die Botschaft im Bewusstsein verankern, dass Bewegung die beste Vorbeugung ist\u201c, so Herausgeber Dr. Hartmut Becker vom Wort&amp;Bild-Verlag. \u201eDeshalb b\u00fcndelt unser Sonderheft nochmals alle Infos zum Nachlesen und will auf diese Weise die Leserinnen und Leser zum Durchhalten motivieren.\u201c Das Sonderheft der Apotheken Umschau liegt kostenfrei in der Gesch\u00e4ftsstelle der Volkshochschule des Landkreises, Gallasiniring 30, in Fulda aus.<\/p>\n","protected":false},"excerpt":{"rendered":"<div class=\"tmnf_excerpt\"><p>Fulda. Ganz bewusst mehr Bewegung in Alltag und Freizeit einbauen \u2013 wie das geht, zeigt das \u201eIch beweg&#8217; mich!\u201c-Sonderheft der Apotheken Umschau zur gleichnamigen Pr\u00e4ventionskampagne. Das hochwertig gestaltete Magazin bietet auf 90 Seiten vielf\u00e4ltige Gesundheitsinformationen, Motivations- und Fitness-Vorschl\u00e4ge sowie konkrete Trainingstipps. Mit ausf\u00fchrlichen Tests k\u00f6nnen die Leserinnen und Leser sich selbst einordnen und ihre pers\u00f6nlichen &hellip;<\/p>\n<\/div>","protected":false},"author":1,"featured_media":0,"comment_status":"closed","ping_status":"closed","sticky":false,"template":"","format":"standard","meta":{"footnotes":""},"categories":[1,51,78],"tags":[],"class_list":["post-120128","post","type-post","status-publish","format-standard","hentry","category-startseite","category-medizin","category-topthema"],"_links":{"self":[{"href":"https:\/\/www.fuldaernachrichten.de\/index.php?rest_route=\/wp\/v2\/posts\/120128","targetHints":{"allow":["GET"]}}],"collection":[{"href":"https:\/\/www.fuldaernachrichten.de\/index.php?rest_route=\/wp\/v2\/posts"}],"about":[{"href":"https:\/\/www.fuldaernachrichten.de\/index.php?rest_route=\/wp\/v2\/types\/post"}],"author":[{"embeddable":true,"href":"https:\/\/www.fuldaernachrichten.de\/index.php?rest_route=\/wp\/v2\/users\/1"}],"replies":[{"embeddable":true,"href":"https:\/\/www.fuldaernachrichten.de\/index.php?rest_route=%2Fwp%2Fv2%2Fcomments&post=120128"}],"version-history":[{"count":1,"href":"https:\/\/www.fuldaernachrichten.de\/index.php?rest_route=\/wp\/v2\/posts\/120128\/revisions"}],"predecessor-version":[{"id":120132,"href":"https:\/\/www.fuldaernachrichten.de\/index.php?rest_route=\/wp\/v2\/posts\/120128\/revisions\/120132"}],"wp:attachment":[{"href":"https:\/\/www.fuldaernachrichten.de\/index.php?rest_route=%2Fwp%2Fv2%2Fmedia&parent=120128"}],"wp:term":[{"taxonomy":"category","embeddable":true,"href":"https:\/\/www.fuldaernachrichten.de\/index.php?rest_route=%2Fwp%2Fv2%2Fcategories&post=120128"},{"taxonomy":"post_tag","embeddable":true,"href":"https:\/\/www.fuldaernachrichten.de\/index.php?rest_route=%2Fwp%2Fv2%2Ftags&post=120128"}],"curies":[{"name":"wp","href":"https:\/\/api.w.org\/{rel}","templated":true}]}}