{"id":120112,"date":"2014-02-25T00:11:40","date_gmt":"2014-02-25T00:11:40","guid":{"rendered":"http:\/\/www.fuldaer-nachrichten.de\/?p=120112"},"modified":"2014-02-24T17:05:23","modified_gmt":"2014-02-24T17:05:23","slug":"arbeitsagentur-in-fulda-am-3-3-bis-12-uhr-geoeffnet-geschaeftsstelle-in-huenfeld-an-rosenmontag-geschlossen","status":"publish","type":"post","link":"https:\/\/www.fuldaernachrichten.de\/?p=120112","title":{"rendered":"Arbeitsagentur in Fulda am 3.3. bis 12 Uhr ge\u00f6ffnet &#8211; Gesch\u00e4ftsstelle in H\u00fcnfeld an Rosenmontag geschlossen"},"content":{"rendered":"<p align=\"left\">Fulda. Die Agentur f\u00fcr Arbeit in Fulda ist am Rosenmontag, 3. M\u00e4rz, von 8 bis 12 Uhr ge\u00f6ffnet. Die Gesch\u00e4ftsstelle der Arbeitsagentur in H\u00fcnfeld bleibt an diesem Tag geschlossen. Telefonisch ist die Arbeitsagentur auch am Rosenmontag von 8 bis 18 Uhr erreichbar unter der Service-Rufnummer 0 800 4 5555 00.<\/p>\n","protected":false},"excerpt":{"rendered":"<div class=\"tmnf_excerpt\"><p>Fulda. Die Agentur f\u00fcr Arbeit in Fulda ist am Rosenmontag, 3. M\u00e4rz, von 8 bis 12 Uhr ge\u00f6ffnet. Die Gesch\u00e4ftsstelle der Arbeitsagentur in H\u00fcnfeld bleibt an diesem Tag geschlossen. Telefonisch ist die Arbeitsagentur auch am Rosenmontag von 8 bis 18 Uhr erreichbar unter der Service-Rufnummer 0 800 4 5555 00.<\/p>\n<\/div>","protected":false},"author":1,"featured_media":0,"comment_status":"closed","ping_status":"closed","sticky":false,"template":"","format":"standard","meta":{"footnotes":""},"categories":[1],"tags":[],"class_list":["post-120112","post","type-post","status-publish","format-standard","hentry","category-startseite"],"_links":{"self":[{"href":"https:\/\/www.fuldaernachrichten.de\/index.php?rest_route=\/wp\/v2\/posts\/120112","targetHints":{"allow":["GET"]}}],"collection":[{"href":"https:\/\/www.fuldaernachrichten.de\/index.php?rest_route=\/wp\/v2\/posts"}],"about":[{"href":"https:\/\/www.fuldaernachrichten.de\/index.php?rest_route=\/wp\/v2\/types\/post"}],"author":[{"embeddable":true,"href":"https:\/\/www.fuldaernachrichten.de\/index.php?rest_route=\/wp\/v2\/users\/1"}],"replies":[{"embeddable":true,"href":"https:\/\/www.fuldaernachrichten.de\/index.php?rest_route=%2Fwp%2Fv2%2Fcomments&post=120112"}],"version-history":[{"count":1,"href":"https:\/\/www.fuldaernachrichten.de\/index.php?rest_route=\/wp\/v2\/posts\/120112\/revisions"}],"predecessor-version":[{"id":120113,"href":"https:\/\/www.fuldaernachrichten.de\/index.php?rest_route=\/wp\/v2\/posts\/120112\/revisions\/120113"}],"wp:attachment":[{"href":"https:\/\/www.fuldaernachrichten.de\/index.php?rest_route=%2Fwp%2Fv2%2Fmedia&parent=120112"}],"wp:term":[{"taxonomy":"category","embeddable":true,"href":"https:\/\/www.fuldaernachrichten.de\/index.php?rest_route=%2Fwp%2Fv2%2Fcategories&post=120112"},{"taxonomy":"post_tag","embeddable":true,"href":"https:\/\/www.fuldaernachrichten.de\/index.php?rest_route=%2Fwp%2Fv2%2Ftags&post=120112"}],"curies":[{"name":"wp","href":"https:\/\/api.w.org\/{rel}","templated":true}]}}