{"id":120084,"date":"2014-02-24T07:58:56","date_gmt":"2014-02-24T07:58:56","guid":{"rendered":"http:\/\/www.fuldaer-nachrichten.de\/?p=120084"},"modified":"2014-02-24T07:58:56","modified_gmt":"2014-02-24T07:58:56","slug":"malen-in-oel-vhs-kurs-fuer-anfaenger-und-fortgeschrittene","status":"publish","type":"post","link":"https:\/\/www.fuldaernachrichten.de\/?p=120084","title":{"rendered":"Malen in \u00d6l &#8211; VHS-Kurs f\u00fcr Anf\u00e4nger und Fortgeschrittene"},"content":{"rendered":"<p>Bad Salzschlirf. In einem Kurs der Volkshochschule des Landkreises Fulda lernen die Teilnehmer die Grundlagen der \u00d6lmalerei kennen und werden schrittweise an die Faszination des &#8220;\u00d6l&#8221;-malens herangef\u00fchrt. Fortgeschrittene bekommen neue Tricks und kleine Kniffe gezeigt, um ihre \u00d6lgem\u00e4lde noch perfekter zu gestalten. Der Kurs im Kulturbahnhof Bad Salzschlirf beginnt am Dienstag, 11. M\u00e4rz, um 19 Uhr. Informationen und vorherige Anmeldung im Internet unter <a href=\"http:\/\/www.vhs-fulda.de\">www.vhs-fulda.de<\/a>oder bei der VHS-Gesch\u00e4ftsstelle, Telefon (0661)25199-0.<\/p>\n","protected":false},"excerpt":{"rendered":"<div class=\"tmnf_excerpt\"><p>Bad Salzschlirf. In einem Kurs der Volkshochschule des Landkreises Fulda lernen die Teilnehmer die Grundlagen der \u00d6lmalerei kennen und werden schrittweise an die Faszination des &#8220;\u00d6l&#8221;-malens herangef\u00fchrt. Fortgeschrittene bekommen neue Tricks und kleine Kniffe gezeigt, um ihre \u00d6lgem\u00e4lde noch perfekter zu gestalten. Der Kurs im Kulturbahnhof Bad Salzschlirf beginnt am Dienstag, 11. M\u00e4rz, um 19 &hellip;<\/p>\n<\/div>","protected":false},"author":1,"featured_media":0,"comment_status":"closed","ping_status":"closed","sticky":false,"template":"","format":"standard","meta":{"footnotes":""},"categories":[1,53],"tags":[],"class_list":["post-120084","post","type-post","status-publish","format-standard","hentry","category-startseite","category-bildung"],"_links":{"self":[{"href":"https:\/\/www.fuldaernachrichten.de\/index.php?rest_route=\/wp\/v2\/posts\/120084","targetHints":{"allow":["GET"]}}],"collection":[{"href":"https:\/\/www.fuldaernachrichten.de\/index.php?rest_route=\/wp\/v2\/posts"}],"about":[{"href":"https:\/\/www.fuldaernachrichten.de\/index.php?rest_route=\/wp\/v2\/types\/post"}],"author":[{"embeddable":true,"href":"https:\/\/www.fuldaernachrichten.de\/index.php?rest_route=\/wp\/v2\/users\/1"}],"replies":[{"embeddable":true,"href":"https:\/\/www.fuldaernachrichten.de\/index.php?rest_route=%2Fwp%2Fv2%2Fcomments&post=120084"}],"version-history":[{"count":1,"href":"https:\/\/www.fuldaernachrichten.de\/index.php?rest_route=\/wp\/v2\/posts\/120084\/revisions"}],"predecessor-version":[{"id":120085,"href":"https:\/\/www.fuldaernachrichten.de\/index.php?rest_route=\/wp\/v2\/posts\/120084\/revisions\/120085"}],"wp:attachment":[{"href":"https:\/\/www.fuldaernachrichten.de\/index.php?rest_route=%2Fwp%2Fv2%2Fmedia&parent=120084"}],"wp:term":[{"taxonomy":"category","embeddable":true,"href":"https:\/\/www.fuldaernachrichten.de\/index.php?rest_route=%2Fwp%2Fv2%2Fcategories&post=120084"},{"taxonomy":"post_tag","embeddable":true,"href":"https:\/\/www.fuldaernachrichten.de\/index.php?rest_route=%2Fwp%2Fv2%2Ftags&post=120084"}],"curies":[{"name":"wp","href":"https:\/\/api.w.org\/{rel}","templated":true}]}}