{"id":120054,"date":"2014-02-22T09:01:35","date_gmt":"2014-02-22T09:01:35","guid":{"rendered":"http:\/\/www.fuldaer-nachrichten.de\/?p=120054"},"modified":"2014-02-22T09:01:35","modified_gmt":"2014-02-22T09:01:35","slug":"fruehzeitige-meldung-hilft-arbeitslosigkeit-zu-vermeiden","status":"publish","type":"post","link":"https:\/\/www.fuldaernachrichten.de\/?p=120054","title":{"rendered":"Fr\u00fchzeitige Meldung hilft Arbeitslosigkeit zu vermeiden"},"content":{"rendered":"<p>Bad Hersfeld-Fulda. Von einem Besch\u00e4ftigungsverh\u00e4ltnis nahtlos ins n\u00e4chste? In Zeiten steigender Arbeitskr\u00e4ftenachfrage ist das durchaus m\u00f6glich. &#8220;Hierbei ist der Faktor Zeit der entscheidende. Je fr\u00fcher sich die Arbeitnehmerinnen und Arbeitnehmer bei uns melden, desto besser sind die Chancen, eine drohende Arbeitslosigkeit zu vermeiden oder so kurz wie m\u00f6glich zu halten&#8221;, erkl\u00e4rt Waldemar Dombrowski, Vorsitzender der Gesch\u00e4ftsf\u00fchrung der Agentur f\u00fcr Arbeit Bad Hersfeld-Fulda.<!--more--><\/p>\n<p>Die Aktionszeit,\u00c2\u00a0 der Zeitraum vom Erhalt der K\u00fcndigung bis zum Eintritt der Arbeitslosigkeit, kann intensiv zur Suche und Vermittlung in eine neue Besch\u00e4ftigung genutzt werden.\u00c2\u00a0 Au\u00dferdem zeigt die Erfahrung, dass Personalverantwortliche eher Bewerberinnen und Bewerber einstellen, die unmittelbar aus einem Besch\u00e4ftigungsverh\u00e4ltnis kommen.<\/p>\n<p>Wer eine K\u00fcndigung erhalten hat, ist verpflichtet sich sp\u00e4testens drei Monate vor Beendigung des Besch\u00e4ftigungsverh\u00e4ltnisses zu melden. Dies gilt auch f\u00fcr befristete Besch\u00e4ftigungsverh\u00e4ltnisse. Betr\u00e4gt der Zeitraum zwischen der K\u00fcndigung und dem Ende des Arbeits- oder \u00fcberbetrieblichen Ausbildungsverh\u00e4ltnisses weniger als drei Monate, hat die Meldung innerhalb von drei Tagen nach Kenntnis des Beendigungszeitpunktes zu erfolgen.<\/p>\n<p>Besondere Verantwortung kommt hierbei den Arbeitgebern zu. Sie sollten die fr\u00fchzeitige Arbeitssuche ihres Mitarbeiters unterst\u00fctzen, indem sie sie rechtzeitig \u00fcber die Verpflichtung der unverz\u00fcglichen Meldung bei der Arbeitsagentur aufkl\u00e4ren.<\/p>\n<p>Ausgenommen von der Meldepflicht sind Personen in einer betrieblichen Ausbildung. &#8220;Auch hier empfehlen wir den Auszubildenden jedoch, sich rechtzeitig zu melden&#8221;, r\u00e4t Waldemar Dombrowski. &#8220;Die besten Chancen auf einen neuen Arbeitsplatz ergeben sich noch immer aus einem bestehenden Vertragsverh\u00e4ltnis heraus. Im Idealfall gelingt es den Arbeitnehmerinnen und Arbeitnehmern, nahtlos wieder eine neue Besch\u00e4ftigung aufzunehmen. Ohne Wartezeit, ohne arbeitslos zu sein und ohne finanzielle Einbu\u00dfen.&#8221;<\/p>\n<p>Die Meldung kann telefonisch abgegeben werden, und zwar von Montag bis Freitag zwischen 8 und 18 Uhr \u00fcber die kostenfreie Service-Rufnummer 0800 4 5555 00.<\/p>\n","protected":false},"excerpt":{"rendered":"<div class=\"tmnf_excerpt\"><p>Bad Hersfeld-Fulda. Von einem Besch\u00e4ftigungsverh\u00e4ltnis nahtlos ins n\u00e4chste? In Zeiten steigender Arbeitskr\u00e4ftenachfrage ist das durchaus m\u00f6glich. &#8220;Hierbei ist der Faktor Zeit der entscheidende. Je fr\u00fcher sich die Arbeitnehmerinnen und Arbeitnehmer bei uns melden, desto besser sind die Chancen, eine drohende Arbeitslosigkeit zu vermeiden oder so kurz wie m\u00f6glich zu halten&#8221;, erkl\u00e4rt Waldemar Dombrowski, Vorsitzender der &hellip;<\/p>\n<\/div>","protected":false},"author":1,"featured_media":0,"comment_status":"closed","ping_status":"closed","sticky":false,"template":"","format":"standard","meta":{"footnotes":""},"categories":[1,53],"tags":[],"class_list":["post-120054","post","type-post","status-publish","format-standard","hentry","category-startseite","category-bildung"],"_links":{"self":[{"href":"https:\/\/www.fuldaernachrichten.de\/index.php?rest_route=\/wp\/v2\/posts\/120054","targetHints":{"allow":["GET"]}}],"collection":[{"href":"https:\/\/www.fuldaernachrichten.de\/index.php?rest_route=\/wp\/v2\/posts"}],"about":[{"href":"https:\/\/www.fuldaernachrichten.de\/index.php?rest_route=\/wp\/v2\/types\/post"}],"author":[{"embeddable":true,"href":"https:\/\/www.fuldaernachrichten.de\/index.php?rest_route=\/wp\/v2\/users\/1"}],"replies":[{"embeddable":true,"href":"https:\/\/www.fuldaernachrichten.de\/index.php?rest_route=%2Fwp%2Fv2%2Fcomments&post=120054"}],"version-history":[{"count":2,"href":"https:\/\/www.fuldaernachrichten.de\/index.php?rest_route=\/wp\/v2\/posts\/120054\/revisions"}],"predecessor-version":[{"id":120062,"href":"https:\/\/www.fuldaernachrichten.de\/index.php?rest_route=\/wp\/v2\/posts\/120054\/revisions\/120062"}],"wp:attachment":[{"href":"https:\/\/www.fuldaernachrichten.de\/index.php?rest_route=%2Fwp%2Fv2%2Fmedia&parent=120054"}],"wp:term":[{"taxonomy":"category","embeddable":true,"href":"https:\/\/www.fuldaernachrichten.de\/index.php?rest_route=%2Fwp%2Fv2%2Fcategories&post=120054"},{"taxonomy":"post_tag","embeddable":true,"href":"https:\/\/www.fuldaernachrichten.de\/index.php?rest_route=%2Fwp%2Fv2%2Ftags&post=120054"}],"curies":[{"name":"wp","href":"https:\/\/api.w.org\/{rel}","templated":true}]}}