{"id":120048,"date":"2014-02-22T00:02:31","date_gmt":"2014-02-22T00:02:31","guid":{"rendered":"http:\/\/www.fuldaer-nachrichten.de\/?p=120048"},"modified":"2014-02-22T09:16:39","modified_gmt":"2014-02-22T09:16:39","slug":"finanzierungsluecke-bei-erstattung-der-kosten-fuer-asylbewerber-schliessen","status":"publish","type":"post","link":"https:\/\/www.fuldaernachrichten.de\/?p=120048","title":{"rendered":"Finanzierungsl\u00fccke bei Erstattung der Kosten f\u00fcr Asylbewerber schlie\u00dfen"},"content":{"rendered":"<p><a href=\"http:\/\/www.fuldaer-nachrichten.de\/wp-content\/uploads\/2014\/02\/140222_Asylbeweber.jpg\"><img fetchpriority=\"high\" decoding=\"async\" class=\"alignnone size-full wp-image-120070\" alt=\"140222_Asylbeweber\" src=\"http:\/\/www.fuldaer-nachrichten.de\/wp-content\/uploads\/2014\/02\/140222_Asylbeweber.jpg\" width=\"560\" height=\"450\" \/><\/a><\/p>\n<p>Fulda\/Ebersburg. Angesichts der weltpolitischen Lage m\u00fcsse die Region nach Auffassung von Landrat Bernd Woide ihre Bem\u00fchungen verst\u00e4rken, mit dem Thema Zuwanderung offensiv umzugehen. Vor dem Ausschuss f\u00fcr Arbeit, Soziales und Gesundheit des Fuldaer Kreistags betonte der Landrat: \u201eEine Vogel-Strau\u00df-Politik hilft niemandem weiter.\u201c Die Aufnahme und Unterbringung von ausl\u00e4ndischen Fl\u00fcchtlingen stelle eine gesamtgesellschaftliche Aufgabe dar, der sich Bund, L\u00e4nder und Landkreise sowie St\u00e4dte und Gemeinden gemeinsam stellten m\u00fcssten, unterstrich Woide. So sei der Landkreis Fulda bei der Suche nach geeigneten Unterk\u00fcnften auf die aktive Unterst\u00fctzung des kreisangeh\u00f6rigen Raumes\u00c2\u00a0 angewiesen. In diesem Zusammenhang bezeichnete Landrat Woide das Vorgehen der Gemeinde Ebersburg im Ortsteil Schmalnau als \u201ebeispielgebend f\u00fcr eine Willkommenskultur\u201c.<!--more--><\/p>\n<p>In der Ausschusssitzung gaben Fachdienstleiter Winfried Pralle und Sachgebietsleiter Thomas Orf einen \u00dcberblick \u00fcber die aktuelle Situation bei der Unterbringung von Asylbewerbern und die Entwicklung der Fallzahlen. Danach sind die Zuweisungen in den Landkreis Fulda seit zwei Jahren nach einem vor\u00fcbergehenden R\u00fcckgang stark angestiegen und haben inzwischen fast wieder das Niveau Mitte der neunziger Jahre erreicht. Mit einem weiteren Anstieg von 335 im letzten auf voraussichtlich \u00fcber 400 in diesem Jahr sei zu rechnen.<\/p>\n<p>Zurzeit befinden sich 607 Asylbewerber im Leistungsbezug. Die durchschnittlichen Kosten pro Person und Monat betragen 700 Euro. Allerdings werden nur 521 Euro erstattet, woraus sich bei gesch\u00e4tzten 400 Abrechnungsf\u00e4llen ein j\u00e4hrlicher Fehlbetrag von 856.000 Euro f\u00fcr den Kreisetat ergibt. Bei einer weiteren betr\u00e4chtlichen Zahl von Asylbewerbern, deren Verfahren abgeschlossen ist, die aber nach wie vor Leistungen beziehen, weil zum Beispiel eine R\u00fcckf\u00fchrung ins Heimatland aus humanit\u00e4ren Gr\u00fcnden nicht erfolgen kann, ist der Landkreis alleiniger Kostentr\u00e4ger.<\/p>\n<p>Vor diesem Hintergrund bekr\u00e4ftigte. Landrat Woide an die Adresse der neuen hessischen Landesregierung den bereits in der Vergangenheit mehrfach gerichteten Appell, f\u00fcr eine ausk\u00f6mmliche Finanzausstattung der Landkreise auch und gerade im Bereich des Asylbewerberleistungsgesetzes Sorge zu tragen. Die Kommunen seien ohnehin durch die Suche nach Unterk\u00fcnften verwaltungsm\u00e4\u00dfig stark belastet und sollten daf\u00fcr wenigstens einen vollen Ausgleich bei der zur Aufgabenerf\u00fcllung notwendigen Finanzierung erhalten.<\/p>\n<p><b>Kontakt<\/b><\/p>\n<p>Wer Unterkunftsm\u00f6glichkeiten f\u00fcr Asylbewerber zur Verf\u00fcgung stellen m\u00f6chte, kann sich an das Sachgebiet Zuwanderung des Fachdienstes Soziale Leistungen der Kreisverwaltung unter Telefon (0661)6006-369 oder E-Mail <a href=\"mailto:asylbetreuung@landkreis-fulda.de\">asylbetreuung@landkreis-fulda.de<\/a> wenden.<\/p>\n","protected":false},"excerpt":{"rendered":"<div class=\"tmnf_excerpt\"><p>Fulda\/Ebersburg. Angesichts der weltpolitischen Lage m\u00fcsse die Region nach Auffassung von Landrat Bernd Woide ihre Bem\u00fchungen verst\u00e4rken, mit dem Thema Zuwanderung offensiv umzugehen. Vor dem Ausschuss f\u00fcr Arbeit, Soziales und Gesundheit des Fuldaer Kreistags betonte der Landrat: \u201eEine Vogel-Strau\u00df-Politik hilft niemandem weiter.\u201c Die Aufnahme und Unterbringung von ausl\u00e4ndischen Fl\u00fcchtlingen stelle eine gesamtgesellschaftliche Aufgabe dar, der &hellip;<\/p>\n<\/div>","protected":false},"author":1,"featured_media":0,"comment_status":"closed","ping_status":"closed","sticky":false,"template":"","format":"standard","meta":{"footnotes":""},"categories":[1,29,78],"tags":[],"class_list":["post-120048","post","type-post","status-publish","format-standard","hentry","category-startseite","category-politik","category-topthema"],"_links":{"self":[{"href":"https:\/\/www.fuldaernachrichten.de\/index.php?rest_route=\/wp\/v2\/posts\/120048","targetHints":{"allow":["GET"]}}],"collection":[{"href":"https:\/\/www.fuldaernachrichten.de\/index.php?rest_route=\/wp\/v2\/posts"}],"about":[{"href":"https:\/\/www.fuldaernachrichten.de\/index.php?rest_route=\/wp\/v2\/types\/post"}],"author":[{"embeddable":true,"href":"https:\/\/www.fuldaernachrichten.de\/index.php?rest_route=\/wp\/v2\/users\/1"}],"replies":[{"embeddable":true,"href":"https:\/\/www.fuldaernachrichten.de\/index.php?rest_route=%2Fwp%2Fv2%2Fcomments&post=120048"}],"version-history":[{"count":5,"href":"https:\/\/www.fuldaernachrichten.de\/index.php?rest_route=\/wp\/v2\/posts\/120048\/revisions"}],"predecessor-version":[{"id":120071,"href":"https:\/\/www.fuldaernachrichten.de\/index.php?rest_route=\/wp\/v2\/posts\/120048\/revisions\/120071"}],"wp:attachment":[{"href":"https:\/\/www.fuldaernachrichten.de\/index.php?rest_route=%2Fwp%2Fv2%2Fmedia&parent=120048"}],"wp:term":[{"taxonomy":"category","embeddable":true,"href":"https:\/\/www.fuldaernachrichten.de\/index.php?rest_route=%2Fwp%2Fv2%2Fcategories&post=120048"},{"taxonomy":"post_tag","embeddable":true,"href":"https:\/\/www.fuldaernachrichten.de\/index.php?rest_route=%2Fwp%2Fv2%2Ftags&post=120048"}],"curies":[{"name":"wp","href":"https:\/\/api.w.org\/{rel}","templated":true}]}}