{"id":12004,"date":"2008-09-18T02:01:29","date_gmt":"2008-09-18T00:01:29","guid":{"rendered":"http:\/\/www.schoene-nachrichten.de\/?p=12004"},"modified":"2008-12-15T13:16:48","modified_gmt":"2008-12-15T12:16:48","slug":"carsten-alexys-motto-zur-nordhessen-werra-meissner-rallye-veni-vidi-vici","status":"publish","type":"post","link":"https:\/\/www.fuldaernachrichten.de\/?p=12004","title":{"rendered":"Carsten Alexys Motto zur Nordhessen-Werra-Mei\u00dfner-Rallye: &#8220;Veni, vidi, vici!&#8221;"},"content":{"rendered":"<p><strong>Motorsport.<\/strong> Nicht nur Julius Caesar kam, sah und siegte, denn Carsten Alexy und seine Copilotin Michaela Alexy (Audi Quattro S2) dachten am vergangenen Wochenende w\u00e4hrend der Nordhessen Werra Mei\u00dfner Rallye genau das gleiche. Am Ende setzte sich Alexy mit 7,8 Sekunden Vorsprung gegen seine Konkurrenten Marco Koch\/Stefan Assmann (Opel Kadett C Coupe) und Stefan G\u00f6ttig\/Holger Klaus (Ford Maxi Kit Car) durch. Norbert Moufang konnte sich bei seinem ersten Rennen nach langer Pause auf Rang vier einordnen.<\/p>\n<p><strong>Fotos (27):<\/strong> Denny Rausch<br \/>\n<strong>Flash-Video:<\/strong> Marco Hellwig \/ IPTV-Plus<\/p>\n<p><a title=\"Foto: Marco Hellwig\" rel=\"lightbox[roadtrip]\" href=\"http:\/\/www.schoene-nachrichten.de\/wp-content\/uploads\/2008\/Marco\/080913_eschwege_rallye_026.jpg\" target=\"_blank\"><img decoding=\"async\" src=\"http:\/\/www.schoene-nachrichten.de\/wp-content\/uploads\/2008\/Marco\/080913_eschwege_rallye_026.thumbnail.jpg\" alt=\"080913_eschwege_rallye_026.jpg\" width=\"128\" \/><\/a>\u00c2\u00a0<a title=\"Foto: Marco Hellwig\" rel=\"lightbox[roadtrip]\" href=\"http:\/\/www.schoene-nachrichten.de\/wp-content\/uploads\/2008\/Marco\/080913_eschwege_rallye_002.jpg\" target=\"_blank\"><img decoding=\"async\" src=\"http:\/\/www.schoene-nachrichten.de\/wp-content\/uploads\/2008\/Marco\/080913_eschwege_rallye_002.thumbnail.jpg\" alt=\"080913_eschwege_rallye_002.jpg\" width=\"128\" \/><\/a>\u00c2\u00a0<a title=\"Foto: Marco Hellwig\" rel=\"lightbox[roadtrip]\" href=\"http:\/\/www.schoene-nachrichten.de\/wp-content\/uploads\/2008\/Marco\/080913_eschwege_rallye_018.jpg\" target=\"_blank\"><img decoding=\"async\" src=\"http:\/\/www.schoene-nachrichten.de\/wp-content\/uploads\/2008\/Marco\/080913_eschwege_rallye_018.thumbnail.jpg\" alt=\"080913_eschwege_rallye_018.jpg\" width=\"128\" \/><\/a><\/p>\n<p><a title=\"Foto: Marco Hellwig\" rel=\"lightbox[roadtrip]\" href=\"http:\/\/www.schoene-nachrichten.de\/wp-content\/uploads\/2008\/Marco\/080913_eschwege_rallye_011.jpg\" target=\"_blank\"><img decoding=\"async\" src=\"http:\/\/www.schoene-nachrichten.de\/wp-content\/uploads\/2008\/Marco\/080913_eschwege_rallye_011.thumbnail.jpg\" alt=\"080913_eschwege_rallye_011.jpg\" width=\"128\" \/><\/a>\u00c2\u00a0<a title=\"Foto: Marco Hellwig\" rel=\"lightbox[roadtrip]\" href=\"http:\/\/www.schoene-nachrichten.de\/wp-content\/uploads\/2008\/Marco\/080913_eschwege_rallye_020.jpg\" target=\"_blank\"><img decoding=\"async\" src=\"http:\/\/www.schoene-nachrichten.de\/wp-content\/uploads\/2008\/Marco\/080913_eschwege_rallye_020.thumbnail.jpg\" alt=\"080913_eschwege_rallye_020.jpg\" width=\"128\" \/><\/a>\u00c2\u00a0<a title=\"Foto: Marco Hellwig\" rel=\"lightbox[roadtrip]\" href=\"http:\/\/www.schoene-nachrichten.de\/wp-content\/uploads\/2008\/Marco\/080913_eschwege_rallye_004.jpg\" target=\"_blank\"><img decoding=\"async\" src=\"http:\/\/www.schoene-nachrichten.de\/wp-content\/uploads\/2008\/Marco\/080913_eschwege_rallye_004.thumbnail.jpg\" alt=\"080913_eschwege_rallye_004.jpg\" width=\"128\" \/><\/a><a title=\"Foto: Marco Hellwig\" rel=\"lightbox[roadtrip]\" href=\"http:\/\/www.schoene-nachrichten.de\/wp-content\/uploads\/2008\/Marco\/080913_eschwege_rallye_006.jpg\" target=\"_blank\"><\/a><!--more--><\/p>\n<p>Das Autohaus Motena in Eschwege war am Samstagmorgen der Treffpunkt f\u00fcr Rallyepilotinnen und -piloten, die an der diesj\u00e4hrigen ADAC Nordhessen Werra Mei\u00dfner Rallye teilnahmen. Der KMC Kassel konnte 52 Rallyeteams begr\u00fc\u00dfen, zwar keine gro\u00dfe Zahl an Startern, aber f\u00fcr eine Veranstaltung der kurzen Wege genau richtig, denn Rallyeleiter Lothar Brobach hatte sich die Themen &#8220;Zuschauerfreundlichkeit&#8221; und &#8220;kurze Verbindungsetappen&#8221; auf die Fahnen geschrieben und konnte beweisen, dass sein Plan aufgegangen war. Zwei von drei Pr\u00fcfungen, die jeweils zwei Mal absolviert werden mussten, wurden direkt in der Ortsgemarkung Wei\u00dfenborn ausgetragen, sodass die Zuschauer das Auto auf dem Parkplatz stehen lassen und zu Fu\u00df den Weg zur n\u00e4chsten Pr\u00fcfung relativ schnell aufsuchen konnten. Die WP, die gefahren werden mussten, waren &#8220;Sodholz&#8221; (WP 1 &amp; 4, D\u00f6ringsdorf\/Wanfried), &#8220;Kringel&#8221; (WP 2 &amp; 6, Wei\u00dfenborn) und &#8220;Sudengrund&#8221; (WP 3 &amp; 5, Wei\u00dfenborn).<\/p>\n<p><a title=\"Foto: Marco Hellwig\" rel=\"lightbox[roadtrip]\" href=\"http:\/\/www.schoene-nachrichten.de\/wp-content\/uploads\/2008\/Marco\/080913_eschwege_rallye_013.jpg\" target=\"_blank\"><img decoding=\"async\" src=\"http:\/\/www.schoene-nachrichten.de\/wp-content\/uploads\/2008\/Marco\/080913_eschwege_rallye_013.thumbnail.jpg\" alt=\"080913_eschwege_rallye_013.jpg\" width=\"128\" \/><\/a><a title=\"Foto: Marco Hellwig\" rel=\"lightbox[roadtrip]\" href=\"http:\/\/www.schoene-nachrichten.de\/wp-content\/uploads\/2008\/Marco\/080913_eschwege_rallye_007.jpg\" target=\"_blank\"><\/a>\u00c2\u00a0<a title=\"Foto: Marco Hellwig\" rel=\"lightbox[roadtrip]\" href=\"http:\/\/www.schoene-nachrichten.de\/wp-content\/uploads\/2008\/Marco\/080913_eschwege_rallye_003.jpg\" target=\"_blank\"><img decoding=\"async\" src=\"http:\/\/www.schoene-nachrichten.de\/wp-content\/uploads\/2008\/Marco\/080913_eschwege_rallye_003.thumbnail.jpg\" alt=\"080913_eschwege_rallye_003.jpg\" width=\"128\" \/><\/a><a title=\"Foto: Marco Hellwig\" rel=\"lightbox[roadtrip]\" href=\"http:\/\/www.schoene-nachrichten.de\/wp-content\/uploads\/2008\/Marco\/080913_eschwege_rallye_008.jpg\" target=\"_blank\"><\/a> <a title=\"Foto: Marco Hellwig\" rel=\"lightbox[roadtrip]\" href=\"http:\/\/www.schoene-nachrichten.de\/wp-content\/uploads\/2008\/Marco\/080913_eschwege_rallye_009.jpg\" target=\"_blank\"><img decoding=\"async\" src=\"http:\/\/www.schoene-nachrichten.de\/wp-content\/uploads\/2008\/Marco\/080913_eschwege_rallye_009.thumbnail.jpg\" alt=\"080913_eschwege_rallye_009.jpg\" width=\"128\" \/><\/a><\/p>\n<p><a title=\"Foto: Marco Hellwig\" rel=\"lightbox[roadtrip]\" href=\"http:\/\/www.schoene-nachrichten.de\/wp-content\/uploads\/2008\/Marco\/080913_eschwege_rallye_010.jpg\" target=\"_blank\"><img decoding=\"async\" src=\"http:\/\/www.schoene-nachrichten.de\/wp-content\/uploads\/2008\/Marco\/080913_eschwege_rallye_010.thumbnail.jpg\" alt=\"080913_eschwege_rallye_010.jpg\" width=\"128\" \/><\/a>\u00c2\u00a0<a title=\"Foto: Marco Hellwig\" rel=\"lightbox[roadtrip]\" href=\"http:\/\/www.schoene-nachrichten.de\/wp-content\/uploads\/2008\/Marco\/080913_eschwege_rallye_011.jpg\" target=\"_blank\"><\/a><a title=\"Foto: Marco Hellwig\" rel=\"lightbox[roadtrip]\" href=\"http:\/\/www.schoene-nachrichten.de\/wp-content\/uploads\/2008\/Marco\/080913_eschwege_rallye_008.jpg\" target=\"_blank\"><img decoding=\"async\" src=\"http:\/\/www.schoene-nachrichten.de\/wp-content\/uploads\/2008\/Marco\/080913_eschwege_rallye_008.thumbnail.jpg\" alt=\"080913_eschwege_rallye_008.jpg\" width=\"128\" \/><\/a> <a title=\"Foto: Marco Hellwig\" rel=\"lightbox[roadtrip]\" href=\"http:\/\/www.schoene-nachrichten.de\/wp-content\/uploads\/2008\/Marco\/080913_eschwege_rallye_012.jpg\" target=\"_blank\"><img decoding=\"async\" src=\"http:\/\/www.schoene-nachrichten.de\/wp-content\/uploads\/2008\/Marco\/080913_eschwege_rallye_012.thumbnail.jpg\" alt=\"080913_eschwege_rallye_012.jpg\" width=\"128\" \/><\/a><\/p>\n<p>Die ersten beiden Pr\u00fcfungen gewann Marco Koch, Stefan G\u00f6ttig konnte auf der dritten Pr\u00fcfung die Bestzeit ergattern. Carsten Alexy setzte auf den letzten drei Pr\u00fcfungen jeweils die Bestmarke. Vom Pech verfolgt wurden die beiden Teams aus dem osthessischen Schlitzerland: Michael Rausch (Opel Ascona B 16V) musste seinen Boliden nach der f\u00fcnften Pr\u00fcfung mit einem Defekt an der Kardanwelle abstellen. Auch Uwe Kiehm (Opel Kadett C Coupe) musste auf WP 5 aufgeben, nachdem sich die rechte Steckachse seines Opels verabschiedete. &#8220;Das War ein grber Anf\u00e4ngerfehler und h\u00e4tte mir nicht passieren d\u00fcrfen. Beim Abfahren haben wir noch dr\u00fcber gesprochen, schon beim ersten Durchgang bin ich durchgefahren. Es hat heute nicht sollen sein, wir m\u00fcssen das Auto bis zur Rallye Bad Emstal wieder fertig bekommen. Es geht um wichtige Punkte in der Osthessenmeisterschaft!&#8221;<\/p>\n<p><a title=\"Foto: Marco Hellwig\" rel=\"lightbox[roadtrip]\" href=\"http:\/\/www.schoene-nachrichten.de\/wp-content\/uploads\/2008\/Marco\/080913_eschwege_rallye_023.jpg\" target=\"_blank\"><img decoding=\"async\" src=\"http:\/\/www.schoene-nachrichten.de\/wp-content\/uploads\/2008\/Marco\/080913_eschwege_rallye_023.thumbnail.jpg\" alt=\"080913_eschwege_rallye_023.jpg\" width=\"128\" \/><\/a><a title=\"Foto: Marco Hellwig\" rel=\"lightbox[roadtrip]\" href=\"http:\/\/www.schoene-nachrichten.de\/wp-content\/uploads\/2008\/Marco\/080913_eschwege_rallye_013.jpg\" target=\"_blank\"><\/a>\u00c2\u00a0<a title=\"Foto: Marco Hellwig\" rel=\"lightbox[roadtrip]\" href=\"http:\/\/www.schoene-nachrichten.de\/wp-content\/uploads\/2008\/Marco\/080913_eschwege_rallye_014.jpg\" target=\"_blank\"><img decoding=\"async\" src=\"http:\/\/www.schoene-nachrichten.de\/wp-content\/uploads\/2008\/Marco\/080913_eschwege_rallye_014.thumbnail.jpg\" alt=\"080913_eschwege_rallye_014.jpg\" width=\"128\" \/><\/a> <a title=\"Foto: Marco Hellwig\" rel=\"lightbox[roadtrip]\" href=\"http:\/\/www.schoene-nachrichten.de\/wp-content\/uploads\/2008\/Marco\/080913_eschwege_rallye_015.jpg\" target=\"_blank\"><img decoding=\"async\" src=\"http:\/\/www.schoene-nachrichten.de\/wp-content\/uploads\/2008\/Marco\/080913_eschwege_rallye_015.thumbnail.jpg\" alt=\"080913_eschwege_rallye_015.jpg\" width=\"128\" \/><\/a><\/p>\n<p><a title=\"Foto: Marco Hellwig\" rel=\"lightbox[roadtrip]\" href=\"http:\/\/www.schoene-nachrichten.de\/wp-content\/uploads\/2008\/Marco\/080913_eschwege_rallye_016.jpg\" target=\"_blank\"><img decoding=\"async\" src=\"http:\/\/www.schoene-nachrichten.de\/wp-content\/uploads\/2008\/Marco\/080913_eschwege_rallye_016.thumbnail.jpg\" alt=\"080913_eschwege_rallye_016.jpg\" width=\"128\" \/><\/a>\u00c2\u00a0<a title=\"Foto: Marco Hellwig\" rel=\"lightbox[roadtrip]\" href=\"http:\/\/www.schoene-nachrichten.de\/wp-content\/uploads\/2008\/Marco\/080913_eschwege_rallye_005.jpg\" target=\"_blank\"><img decoding=\"async\" src=\"http:\/\/www.schoene-nachrichten.de\/wp-content\/uploads\/2008\/Marco\/080913_eschwege_rallye_005.thumbnail.jpg\" alt=\"080913_eschwege_rallye_005.jpg\" width=\"128\" \/><\/a> <a title=\"Foto: Marco Hellwig\" rel=\"lightbox[roadtrip]\" href=\"http:\/\/www.schoene-nachrichten.de\/wp-content\/uploads\/2008\/Marco\/080913_eschwege_rallye_017.jpg\" target=\"_blank\"><img decoding=\"async\" src=\"http:\/\/www.schoene-nachrichten.de\/wp-content\/uploads\/2008\/Marco\/080913_eschwege_rallye_017.thumbnail.jpg\" alt=\"080913_eschwege_rallye_017.jpg\" width=\"128\" \/><\/a><\/p>\n<p>Bj\u00f6rn Mohr (Opel Astra H GTC) belegte nach einer tollen Fahrt den zehnten Gesamtrang und wurde Sieger seiner Klasse. Michael Meckbach (Opel Corsa A), der gew\u00f6hnlich f\u00fcr Bj\u00f6rn Mohr als Mechaniker bei der HJS Diesel Masters t\u00e4tig ist, gab sein Deb\u00fct als Rallyefahrer und belegte den dritten Platz in seiner Klasse. Ergebnisse der Rallye und Informationen \u00fcber den Club unter <a href=\"http:\/\/www.nordhessenrallye.de\" target=\"_blank\">www.nordhessenrallye.de<\/a>.<\/p>\n<p><a title=\"Foto: Marco Hellwig\" rel=\"lightbox[roadtrip]\" href=\"http:\/\/www.schoene-nachrichten.de\/wp-content\/uploads\/2008\/Marco\/080913_eschwege_rallye_019.jpg\" target=\"_blank\"><img decoding=\"async\" src=\"http:\/\/www.schoene-nachrichten.de\/wp-content\/uploads\/2008\/Marco\/080913_eschwege_rallye_019.thumbnail.jpg\" alt=\"080913_eschwege_rallye_019.jpg\" width=\"128\" \/><\/a>\u00c2\u00a0<a title=\"Foto: Marco Hellwig\" rel=\"lightbox[roadtrip]\" href=\"http:\/\/www.schoene-nachrichten.de\/wp-content\/uploads\/2008\/Marco\/080913_eschwege_rallye_007.jpg\" target=\"_blank\"><img decoding=\"async\" src=\"http:\/\/www.schoene-nachrichten.de\/wp-content\/uploads\/2008\/Marco\/080913_eschwege_rallye_007.thumbnail.jpg\" alt=\"080913_eschwege_rallye_007.jpg\" width=\"128\" \/><\/a><a title=\"Foto: Marco Hellwig\" rel=\"lightbox[roadtrip]\" href=\"http:\/\/www.schoene-nachrichten.de\/wp-content\/uploads\/2008\/Marco\/080913_eschwege_rallye_020.jpg\" target=\"_blank\"><\/a> <a title=\"Foto: Marco Hellwig\" rel=\"lightbox[roadtrip]\" href=\"http:\/\/www.schoene-nachrichten.de\/wp-content\/uploads\/2008\/Marco\/080913_eschwege_rallye_021.jpg\" target=\"_blank\"><img decoding=\"async\" src=\"http:\/\/www.schoene-nachrichten.de\/wp-content\/uploads\/2008\/Marco\/080913_eschwege_rallye_021.thumbnail.jpg\" alt=\"080913_eschwege_rallye_021.jpg\" width=\"128\" \/><\/a><\/p>\n<p><a title=\"Foto: Marco Hellwig\" rel=\"lightbox[roadtrip]\" href=\"http:\/\/www.schoene-nachrichten.de\/wp-content\/uploads\/2008\/Marco\/080913_eschwege_rallye_022.jpg\" target=\"_blank\"><img decoding=\"async\" src=\"http:\/\/www.schoene-nachrichten.de\/wp-content\/uploads\/2008\/Marco\/080913_eschwege_rallye_022.thumbnail.jpg\" alt=\"080913_eschwege_rallye_022.jpg\" width=\"128\" \/><\/a>\u00c2\u00a0<a title=\"Foto: Marco Hellwig\" rel=\"lightbox[roadtrip]\" href=\"http:\/\/www.schoene-nachrichten.de\/wp-content\/uploads\/2008\/Marco\/080913_eschwege_rallye_006.jpg\" target=\"_blank\"><img decoding=\"async\" src=\"http:\/\/www.schoene-nachrichten.de\/wp-content\/uploads\/2008\/Marco\/080913_eschwege_rallye_006.thumbnail.jpg\" alt=\"080913_eschwege_rallye_006.jpg\" width=\"128\" \/><\/a><a title=\"Foto: Marco Hellwig\" rel=\"lightbox[roadtrip]\" href=\"http:\/\/www.schoene-nachrichten.de\/wp-content\/uploads\/2008\/Marco\/080913_eschwege_rallye_020.jpg\" target=\"_blank\"><\/a><a title=\"Foto: Marco Hellwig\" rel=\"lightbox[roadtrip]\" href=\"http:\/\/www.schoene-nachrichten.de\/wp-content\/uploads\/2008\/Marco\/080913_eschwege_rallye_023.jpg\" target=\"_blank\"><\/a> <a title=\"Foto: Marco Hellwig\" rel=\"lightbox[roadtrip]\" href=\"http:\/\/www.schoene-nachrichten.de\/wp-content\/uploads\/2008\/Marco\/080913_eschwege_rallye_024.jpg\" target=\"_blank\"><img decoding=\"async\" src=\"http:\/\/www.schoene-nachrichten.de\/wp-content\/uploads\/2008\/Marco\/080913_eschwege_rallye_024.thumbnail.jpg\" alt=\"080913_eschwege_rallye_024.jpg\" width=\"128\" \/><\/a><\/p>\n<p><strong>Endergebnis ADAC Nordhessen Werra Mei\u00dfner Rallye 2008<br \/>\n<\/strong>1. Carsten Alexy\/Michaela Alexy, Audi Quattro S2, 1203,00<br \/>\n2. Marco Koch\/Stefan Assmann, Opel Kadett C Coupe, 1210,80<br \/>\n3. Stefan G\u00f6ttig\/Holger Claus, Ford Maxi Kit Car, 1211,20<br \/>\n4. Norbert Moufang\/Diana Jorgenson, Opel Kadett C Coupe, 1241,30<br \/>\n5. Koschmieder Ingo\/Bettina Gniss, Opel Kadett C Coupe, 1268,10<br \/>\n6. Andreas Gutbier\/Matthias Winning, VW Golf GTI 16 V, 1280,50<br \/>\n7. Lars Anders\/Jens Schachtler, Mitsubishi Lancer 6,5, 1294,00<br \/>\n8. Guido Horn\/Norbert H\u00f6hmann, Ford Sierra Cosworth, 1309,30<br \/>\n9. Gerrit Schmitt\/Stefan Pfister, Opel Kadett GSI 16V,<br \/>\n10. Bj\u00f6rn Mohr\/Corinna Roppel, Opel Astra H GTC, 1311,50<\/p>\n<p><a title=\"Foto: Marco Hellwig\" rel=\"lightbox[roadtrip]\" href=\"http:\/\/www.schoene-nachrichten.de\/wp-content\/uploads\/2008\/Marco\/080913_eschwege_rallye_025.jpg\" target=\"_blank\"><img decoding=\"async\" src=\"http:\/\/www.schoene-nachrichten.de\/wp-content\/uploads\/2008\/Marco\/080913_eschwege_rallye_025.thumbnail.jpg\" alt=\"080913_eschwege_rallye_025.jpg\" width=\"128\" \/><\/a>\u00c2\u00a0<a title=\"Foto: Marco Hellwig\" rel=\"lightbox[roadtrip]\" href=\"http:\/\/www.schoene-nachrichten.de\/wp-content\/uploads\/2008\/Marco\/080913_eschwege_rallye_001.jpg\" target=\"_blank\"><img decoding=\"async\" src=\"http:\/\/www.schoene-nachrichten.de\/wp-content\/uploads\/2008\/Marco\/080913_eschwege_rallye_001.thumbnail.jpg\" alt=\"080913_eschwege_rallye_001.jpg\" width=\"128\" \/><\/a><a title=\"Foto: Marco Hellwig\" rel=\"lightbox[roadtrip]\" href=\"http:\/\/www.schoene-nachrichten.de\/wp-content\/uploads\/2008\/Marco\/080913_eschwege_rallye_026.jpg\" target=\"_blank\"><\/a> <a title=\"Foto: Marco Hellwig\" rel=\"lightbox[roadtrip]\" href=\"http:\/\/www.schoene-nachrichten.de\/wp-content\/uploads\/2008\/Marco\/080913_eschwege_rallye_027.jpg\" target=\"_blank\"><img decoding=\"async\" src=\"http:\/\/www.schoene-nachrichten.de\/wp-content\/uploads\/2008\/Marco\/080913_eschwege_rallye_027.thumbnail.jpg\" alt=\"080913_eschwege_rallye_027.jpg\" width=\"128\" \/><\/a><\/p>\n","protected":false},"excerpt":{"rendered":"<div class=\"tmnf_excerpt\"><p>Motorsport. Nicht nur Julius Caesar kam, sah und siegte, denn Carsten Alexy und seine Copilotin Michaela Alexy (Audi Quattro S2) dachten am vergangenen Wochenende w\u00e4hrend der Nordhessen Werra Mei\u00dfner Rallye genau das gleiche. Am Ende setzte sich Alexy mit 7,8 Sekunden Vorsprung gegen seine Konkurrenten Marco Koch\/Stefan Assmann (Opel Kadett C Coupe) und Stefan G\u00f6ttig\/Holger &hellip;<\/p>\n<\/div>","protected":false},"author":1,"featured_media":0,"comment_status":"closed","ping_status":"closed","sticky":false,"template":"","format":"standard","meta":{"footnotes":""},"categories":[1,54,79,46],"tags":[],"class_list":["post-12004","post","type-post","status-publish","format-standard","hentry","category-startseite","category-bildergalerien","category-kino","category-sport"],"_links":{"self":[{"href":"https:\/\/www.fuldaernachrichten.de\/index.php?rest_route=\/wp\/v2\/posts\/12004","targetHints":{"allow":["GET"]}}],"collection":[{"href":"https:\/\/www.fuldaernachrichten.de\/index.php?rest_route=\/wp\/v2\/posts"}],"about":[{"href":"https:\/\/www.fuldaernachrichten.de\/index.php?rest_route=\/wp\/v2\/types\/post"}],"author":[{"embeddable":true,"href":"https:\/\/www.fuldaernachrichten.de\/index.php?rest_route=\/wp\/v2\/users\/1"}],"replies":[{"embeddable":true,"href":"https:\/\/www.fuldaernachrichten.de\/index.php?rest_route=%2Fwp%2Fv2%2Fcomments&post=12004"}],"version-history":[{"count":4,"href":"https:\/\/www.fuldaernachrichten.de\/index.php?rest_route=\/wp\/v2\/posts\/12004\/revisions"}],"predecessor-version":[{"id":17516,"href":"https:\/\/www.fuldaernachrichten.de\/index.php?rest_route=\/wp\/v2\/posts\/12004\/revisions\/17516"}],"wp:attachment":[{"href":"https:\/\/www.fuldaernachrichten.de\/index.php?rest_route=%2Fwp%2Fv2%2Fmedia&parent=12004"}],"wp:term":[{"taxonomy":"category","embeddable":true,"href":"https:\/\/www.fuldaernachrichten.de\/index.php?rest_route=%2Fwp%2Fv2%2Fcategories&post=12004"},{"taxonomy":"post_tag","embeddable":true,"href":"https:\/\/www.fuldaernachrichten.de\/index.php?rest_route=%2Fwp%2Fv2%2Ftags&post=12004"}],"curies":[{"name":"wp","href":"https:\/\/api.w.org\/{rel}","templated":true}]}}