{"id":119931,"date":"2014-02-20T00:09:16","date_gmt":"2014-02-20T00:09:16","guid":{"rendered":"http:\/\/www.fuldaer-nachrichten.de\/?p=119931"},"modified":"2014-02-19T17:26:38","modified_gmt":"2014-02-19T17:26:38","slug":"fuer-den-acker-viel-zu-schade-norbert-groesch-restauriert-und-faehrt-alte-porsche-traktoren-ausfluege-zum-hessentag","status":"publish","type":"post","link":"https:\/\/www.fuldaernachrichten.de\/?p=119931","title":{"rendered":"F\u00fcr den Acker viel zu schade &#8211; Norbert Gr\u00f6sch restauriert und f\u00e4hrt alte Porsche-Traktoren &#8211; Ausfl\u00fcge zum Hessentag"},"content":{"rendered":"<div id=\"attachment_119932\" style=\"width: 570px\" class=\"wp-caption alignnone\"><a href=\"http:\/\/www.fuldaer-nachrichten.de\/wp-content\/uploads\/2014\/02\/067-Norbert-Gr\u00f6sch.jpg\"><img fetchpriority=\"high\" decoding=\"async\" aria-describedby=\"caption-attachment-119932\" class=\"size-full wp-image-119932\" alt=\"Fulda, Rund zweieinhalb Jahre arbeitet sind notwendig, damit aus einem verwahrlosten Traktor ein solches Schmuckst\u00fcck wird. Foto: Traber\" src=\"http:\/\/www.fuldaer-nachrichten.de\/wp-content\/uploads\/2014\/02\/067-Norbert-Gr\u00f6sch.jpg\" width=\"560\" height=\"436\" \/><\/a><p id=\"caption-attachment-119932\" class=\"wp-caption-text\">Fulda, Rund zweieinhalb Jahre arbeitet sind notwendig, damit aus einem verwahrlosten Traktor ein solches Schmuckst\u00fcck wird. Foto: Traber<\/p><\/div>\n<p>Fulda\/W\u00fcstensachsen. Einen Porsche mit schlappen 50 PS, der nicht mal l\u00e4cherliche 30 Stundenkilometer auf den Tacho bringt und mit extrem grobstolligen Pneus statt Rennslicks unterwegs ist? Den gibt\u00e2\u20ac\u2122s tats\u00e4chlich, und Norbert Gr\u00f6sch besitzt nicht nur einen dieser au\u00dfergew\u00f6hnlichen Boliden, sondern gleich f\u00fcnf.<!--more--><\/p>\n<p>Der Mitarbeiter der Kreisverwaltung, als Regionalmanager unter anderem zust\u00e4ndig f\u00fcr die Instandhaltung und die Erneuerung von Schulen im Landkreis, ist m\u00e4chtig stolz auf seine Porsche-Flotte, die allerdings nicht aus der legend\u00e4ren Rennwagenschmiede aus Zuffenhausen bei Stuttgart, sondern aus Friedrichshafen am Bodensee stammt. Die feuerroten Spa\u00dfmobile der Junior-, Standard-, Super- und Master-Serie wurden w\u00e4hrend der 50er und 60er Jahre des vergangenen Jahrhunderts von der damaligen Porsche-Diesel Motorenbau GmbH gefertigt \u2013 nicht, um in Le Mans oder auf der Nordschleife des N\u00fcrburgrings Rundenrekorde aufzustellen, sondern um die Landwirtschaft zu vereinfachen.<\/p>\n<p>\u201eBei den Porsche-Traktoren handelt es sich um sehr seltene St\u00fccke\u201c, l\u00fcftet Gr\u00f6sch das Geheimnis seiner gel\u00e4ndef\u00e4higen Gef\u00e4hrte mit zum Teil acht Vorw\u00e4rts- und vier R\u00fcckw\u00e4rtsg\u00e4ngen. In ganz Deutschland war der 58-J\u00e4hrige in den vergangenen Jahren unterwegs, um heruntergekommene und verwahrloste Exemplare des Kleinschleppers aufzukaufen und Ersatzteile zu besorgen. Zuhause, in einer eigenen Halle in W\u00fcstensachsen, erleben die Volkstraktoren dann ihre Renaissance. Drei Modelle blinken und blitzen mittlerweile wieder, als h\u00e4tten sie gerade erst das Licht der Welt erblickt und nicht schon einige Jahrzehnte harte Acker-Schufterei auf dem Buckel.<\/p>\n<p>W\u00e4hrend f\u00fcr die einen die Drecksarbeit vorbei ist, beginnt f\u00fcr den anderen die Sisyphos-Arbeit. \u201eRund zweieinhalb Jahre stecken in der Restaurierung\u201c, erkl\u00e4rt Gr\u00f6sch. Das meiste erledigt der T\u00fcftler dabei selbst, egal, ob ein Zahnrad vom Getriebe erneuert oder ein Kleinteil lackiert werden muss. Dabei genie\u00dft der Angestellte des Landratsamts die Parallelen zu seiner beruflichen T\u00e4tigkeit: \u201eEs macht einfach Spa\u00df zu sehen, wie sich etwas entwickelt.\u201c In Ehrenberg hat sich rund um das Thema Porsche-Traktor in der j\u00fcngeren Vergangenheit einiges getan. Organisiert als die \u201eS\u00e4essemer Porsche Freunde\u201c bricht Gr\u00f6sch gemeinsam mit rund 40 Gleichgesinnten und 17 Traktoren zwischen April und Oktober regelm\u00e4\u00dfig zu Ausfahrten auf dem roten Ledergest\u00fchl auf. Ziele waren zuletzt beispielsweise die Hessentage in Kassel, Wetzlar und Oberursel. \u201eSogar meine Frau und meine T\u00f6chter sind vom Traktor-Virus befallen\u201c, erz\u00e4hlt der Freund der historischen Kleinschlepper mit Diesel-Aggregat. So kann er auf Verst\u00e4ndnis bauen, wenn er wieder mal zum Schrauben, Polieren und Restaurieren in der Werkstatt verschwindet.<\/p>\n<p>Etwa 120.000 Porsche-Traktoren wurden w\u00e4hrend ihrer kurzen Bl\u00fctezeit nach dem Zweiten Weltkrieg hergestellt. Einen Ausbau seines Fuhrparks plant der Regionalmanager vorerst nicht \u2013 es sei denn, Gr\u00f6sch st\u00f6\u00dft durch Zufall auf ein weiteres Schlachtross, das mit viel Liebe aufgep\u00e4ppelt werden muss. Nur noch wenige Wochen, bis der 58-J\u00e4hrige den Vierzylinder seines geliebten Masters starten darf. Dann beginnt wieder die Zeit der sch\u00f6nen Drehmomente an der frischen Rh\u00f6ner Luft.<\/p>\n","protected":false},"excerpt":{"rendered":"<div class=\"tmnf_excerpt\"><p>Fulda\/W\u00fcstensachsen. Einen Porsche mit schlappen 50 PS, der nicht mal l\u00e4cherliche 30 Stundenkilometer auf den Tacho bringt und mit extrem grobstolligen Pneus statt Rennslicks unterwegs ist? Den gibt\u00e2\u20ac\u2122s tats\u00e4chlich, und Norbert Gr\u00f6sch besitzt nicht nur einen dieser au\u00dfergew\u00f6hnlichen Boliden, sondern gleich f\u00fcnf.<\/p>\n<\/div>","protected":false},"author":1,"featured_media":0,"comment_status":"closed","ping_status":"closed","sticky":false,"template":"","format":"standard","meta":{"footnotes":""},"categories":[1,35,78],"tags":[],"class_list":["post-119931","post","type-post","status-publish","format-standard","hentry","category-startseite","category-auto","category-topthema"],"_links":{"self":[{"href":"https:\/\/www.fuldaernachrichten.de\/index.php?rest_route=\/wp\/v2\/posts\/119931","targetHints":{"allow":["GET"]}}],"collection":[{"href":"https:\/\/www.fuldaernachrichten.de\/index.php?rest_route=\/wp\/v2\/posts"}],"about":[{"href":"https:\/\/www.fuldaernachrichten.de\/index.php?rest_route=\/wp\/v2\/types\/post"}],"author":[{"embeddable":true,"href":"https:\/\/www.fuldaernachrichten.de\/index.php?rest_route=\/wp\/v2\/users\/1"}],"replies":[{"embeddable":true,"href":"https:\/\/www.fuldaernachrichten.de\/index.php?rest_route=%2Fwp%2Fv2%2Fcomments&post=119931"}],"version-history":[{"count":1,"href":"https:\/\/www.fuldaernachrichten.de\/index.php?rest_route=\/wp\/v2\/posts\/119931\/revisions"}],"predecessor-version":[{"id":119933,"href":"https:\/\/www.fuldaernachrichten.de\/index.php?rest_route=\/wp\/v2\/posts\/119931\/revisions\/119933"}],"wp:attachment":[{"href":"https:\/\/www.fuldaernachrichten.de\/index.php?rest_route=%2Fwp%2Fv2%2Fmedia&parent=119931"}],"wp:term":[{"taxonomy":"category","embeddable":true,"href":"https:\/\/www.fuldaernachrichten.de\/index.php?rest_route=%2Fwp%2Fv2%2Fcategories&post=119931"},{"taxonomy":"post_tag","embeddable":true,"href":"https:\/\/www.fuldaernachrichten.de\/index.php?rest_route=%2Fwp%2Fv2%2Ftags&post=119931"}],"curies":[{"name":"wp","href":"https:\/\/api.w.org\/{rel}","templated":true}]}}