{"id":119793,"date":"2014-02-17T00:09:00","date_gmt":"2014-02-17T00:09:00","guid":{"rendered":"http:\/\/www.fuldaer-nachrichten.de\/?p=119793"},"modified":"2014-02-17T08:27:28","modified_gmt":"2014-02-17T08:27:28","slug":"ganz-bunt-und-mitten-aus-dem-leben-tag-der-offenen-tuer-an-der-eduard-stieler-schule","status":"publish","type":"post","link":"https:\/\/www.fuldaernachrichten.de\/?p=119793","title":{"rendered":"Ganz bunt und mitten aus dem Leben &#8211; Tag der Offenen T\u00fcr an der Eduard-Stieler-Schule"},"content":{"rendered":"<p><a href=\"http:\/\/www.fuldaer-nachrichten.de\/wp-content\/uploads\/2014\/02\/027-BI.jpg\"><img fetchpriority=\"high\" decoding=\"async\" class=\"alignnone size-full wp-image-119820\" alt=\"027-BI\" src=\"http:\/\/www.fuldaer-nachrichten.de\/wp-content\/uploads\/2014\/02\/027-BI.jpg\" width=\"560\" height=\"380\" \/><\/a><\/p>\n<p>Fulda. Am Freitag, den 14. Februar 2014 waren wieder viele hundert G\u00e4ste der Einladung von Schulleitung, Kollegium und Sch\u00fclern der Eduard-Stieler-Schule gefolgt um \u00c2\u00a0sich ein Bild von den vielen verschiedenen Schulformen im Hause zu ma\u00c2\u00adchen.<!--more--><\/p>\n<p>Neben zahlreichen externen Kooperationspartnern konnten auch die im Hause be\u00c2\u00adschulten Auszubildenden zeigen, was ihren jeweiligen Ausbildungsberuf interes\u00c2\u00adsant macht. Dabei ist ein buntes Kaleidoskop entstanden, in welchem sich unter anderem Flei\u00c2\u00adscher, B\u00e4cker, die entsprechenden Fachverk\u00e4uferinnen und auch die Gesund\u00c2\u00adheits-, Gastronomie- sowie Ern\u00e4hrungsberufe eindrucksvoll zu pr\u00e4sentieren wussten. Die alle Menschen betreffenden The\u00c2\u00admen zu Gesundheit, Erster Hilfe oder auch selbst herge\u00c2\u00adstellten Lebensmitteln stie\u00c2\u00ad\u00dfen daher auf gro\u00dfes Interesse.<\/p>\n<p><a href=\"http:\/\/www.fuldaer-nachrichten.de\/wp-content\/uploads\/2014\/02\/028-BI.jpg\"><img decoding=\"async\" class=\"alignnone size-thumbnail wp-image-119821\" alt=\"028-BI\" src=\"http:\/\/www.fuldaer-nachrichten.de\/wp-content\/uploads\/2014\/02\/028-BI-265x181.jpg\" width=\"265\" height=\"181\" srcset=\"https:\/\/www.fuldaernachrichten.de\/wp-content\/uploads\/2014\/02\/028-BI-265x181.jpg 265w, https:\/\/www.fuldaernachrichten.de\/wp-content\/uploads\/2014\/02\/028-BI.jpg 600w\" sizes=\"(max-width: 265px) 100vw, 265px\" \/><\/a><a href=\"http:\/\/www.fuldaer-nachrichten.de\/wp-content\/uploads\/2014\/02\/026-BI.jpg\"><img decoding=\"async\" class=\"alignnone size-thumbnail wp-image-119819\" alt=\"026-BI\" src=\"http:\/\/www.fuldaer-nachrichten.de\/wp-content\/uploads\/2014\/02\/026-BI-265x184.jpg\" width=\"265\" height=\"184\" srcset=\"https:\/\/www.fuldaernachrichten.de\/wp-content\/uploads\/2014\/02\/026-BI-265x184.jpg 265w, https:\/\/www.fuldaernachrichten.de\/wp-content\/uploads\/2014\/02\/026-BI.jpg 600w\" sizes=\"(max-width: 265px) 100vw, 265px\" \/><\/a><\/p>\n<p>Auch die Vollzeitschulformen gaben einen Einblick in ihre jeweiligen Schwerpunkte. Dabei stand Praxis gleichberechtigt neben Theorie, es wurden Praktikumsbetriebe und Projekte vorgestellt, es gab aber auch chemische Experimente, ein virtuelles Klassenzimmer f\u00fcr die F\u00e4cher Deutsch und Geschichte, englische Theatervorf\u00fchrun\u00c2\u00adgen und vieles mehr.<\/p>\n<p><a href=\"http:\/\/www.fuldaer-nachrichten.de\/wp-content\/uploads\/2014\/02\/015-BI.jpg\"><img loading=\"lazy\" decoding=\"async\" class=\"alignnone  wp-image-119808\" alt=\"015-BI\" src=\"http:\/\/www.fuldaer-nachrichten.de\/wp-content\/uploads\/2014\/02\/015-BI-265x198.jpg\" width=\"265\" height=\"198\" srcset=\"https:\/\/www.fuldaernachrichten.de\/wp-content\/uploads\/2014\/02\/015-BI-265x198.jpg 265w, https:\/\/www.fuldaernachrichten.de\/wp-content\/uploads\/2014\/02\/015-BI.jpg 600w\" sizes=\"(max-width: 265px) 100vw, 265px\" \/><\/a><a href=\"http:\/\/www.fuldaer-nachrichten.de\/wp-content\/uploads\/2014\/02\/025-BI.jpg\"><img loading=\"lazy\" decoding=\"async\" class=\"alignnone size-thumbnail wp-image-119818\" alt=\"025-BI\" src=\"http:\/\/www.fuldaer-nachrichten.de\/wp-content\/uploads\/2014\/02\/025-BI-265x193.jpg\" width=\"265\" height=\"193\" srcset=\"https:\/\/www.fuldaernachrichten.de\/wp-content\/uploads\/2014\/02\/025-BI-265x193.jpg 265w, https:\/\/www.fuldaernachrichten.de\/wp-content\/uploads\/2014\/02\/025-BI.jpg 600w\" sizes=\"(max-width: 265px) 100vw, 265px\" \/><\/a><\/p>\n<p>Alles in allem hat dieser gut besuchte Tag der Offenen T\u00fcr wieder einmal gezeigt, dass die Eduard-Stieler-Schule nicht nur eine starke, sondern auch eine lebendige Schule ist, die mit der Ausbildung junger und motivierter Menschen einen gro\u00c2\u00ad\u00dfen Beitrag zur Lebensqualit\u00e4t von uns allen leistet. (Text &amp; Fotos: Bernhard Ilsemann)<\/p>\n<p><a href=\"http:\/\/www.fuldaer-nachrichten.de\/wp-content\/uploads\/2014\/02\/024-BI.jpg\"><img loading=\"lazy\" decoding=\"async\" class=\"alignnone size-thumbnail wp-image-119817\" alt=\"024-BI\" src=\"http:\/\/www.fuldaer-nachrichten.de\/wp-content\/uploads\/2014\/02\/024-BI-265x201.jpg\" width=\"265\" height=\"201\" srcset=\"https:\/\/www.fuldaernachrichten.de\/wp-content\/uploads\/2014\/02\/024-BI-265x201.jpg 265w, https:\/\/www.fuldaernachrichten.de\/wp-content\/uploads\/2014\/02\/024-BI.jpg 600w\" sizes=\"(max-width: 265px) 100vw, 265px\" \/><\/a><a href=\"http:\/\/www.fuldaer-nachrichten.de\/wp-content\/uploads\/2014\/02\/014-BI.jpg\"><img loading=\"lazy\" decoding=\"async\" class=\"alignnone size-thumbnail wp-image-119807\" alt=\"014-BI\" src=\"http:\/\/www.fuldaer-nachrichten.de\/wp-content\/uploads\/2014\/02\/014-BI-265x208.jpg\" width=\"265\" height=\"208\" srcset=\"https:\/\/www.fuldaernachrichten.de\/wp-content\/uploads\/2014\/02\/014-BI-265x208.jpg 265w, https:\/\/www.fuldaernachrichten.de\/wp-content\/uploads\/2014\/02\/014-BI.jpg 600w\" sizes=\"(max-width: 265px) 100vw, 265px\" \/><\/a><br \/>\n<a href=\"http:\/\/www.fuldaer-nachrichten.de\/wp-content\/uploads\/2014\/02\/022-BI.jpg\"><img loading=\"lazy\" decoding=\"async\" class=\"alignnone  wp-image-119815\" alt=\"022-BI\" src=\"http:\/\/www.fuldaer-nachrichten.de\/wp-content\/uploads\/2014\/02\/022-BI-265x213.jpg\" width=\"265\" height=\"213\" srcset=\"https:\/\/www.fuldaernachrichten.de\/wp-content\/uploads\/2014\/02\/022-BI-265x213.jpg 265w, https:\/\/www.fuldaernachrichten.de\/wp-content\/uploads\/2014\/02\/022-BI.jpg 600w\" sizes=\"(max-width: 265px) 100vw, 265px\" \/><\/a><a href=\"http:\/\/www.fuldaer-nachrichten.de\/wp-content\/uploads\/2014\/02\/023-BI.jpg\"><img loading=\"lazy\" decoding=\"async\" class=\"alignnone size-thumbnail wp-image-119816\" alt=\"023-BI\" src=\"http:\/\/www.fuldaer-nachrichten.de\/wp-content\/uploads\/2014\/02\/023-BI-265x177.jpg\" width=\"265\" height=\"177\" srcset=\"https:\/\/www.fuldaernachrichten.de\/wp-content\/uploads\/2014\/02\/023-BI-265x177.jpg 265w, https:\/\/www.fuldaernachrichten.de\/wp-content\/uploads\/2014\/02\/023-BI.jpg 600w\" sizes=\"(max-width: 265px) 100vw, 265px\" \/><\/a><br \/>\n<a href=\"http:\/\/www.fuldaer-nachrichten.de\/wp-content\/uploads\/2014\/02\/013-BI.jpg\"><img loading=\"lazy\" decoding=\"async\" class=\"alignnone size-thumbnail wp-image-119806\" alt=\"013-BI\" src=\"http:\/\/www.fuldaer-nachrichten.de\/wp-content\/uploads\/2014\/02\/013-BI-265x218.jpg\" width=\"265\" height=\"218\" srcset=\"https:\/\/www.fuldaernachrichten.de\/wp-content\/uploads\/2014\/02\/013-BI-265x218.jpg 265w, https:\/\/www.fuldaernachrichten.de\/wp-content\/uploads\/2014\/02\/013-BI.jpg 600w\" sizes=\"(max-width: 265px) 100vw, 265px\" \/><\/a><a href=\"http:\/\/www.fuldaer-nachrichten.de\/wp-content\/uploads\/2014\/02\/021-BI.jpg\"><img loading=\"lazy\" decoding=\"async\" class=\"alignnone size-thumbnail wp-image-119814\" alt=\"021-BI\" src=\"http:\/\/www.fuldaer-nachrichten.de\/wp-content\/uploads\/2014\/02\/021-BI-265x203.jpg\" width=\"265\" height=\"203\" srcset=\"https:\/\/www.fuldaernachrichten.de\/wp-content\/uploads\/2014\/02\/021-BI-265x203.jpg 265w, https:\/\/www.fuldaernachrichten.de\/wp-content\/uploads\/2014\/02\/021-BI.jpg 600w\" sizes=\"(max-width: 265px) 100vw, 265px\" \/><\/a><br \/>\n<a href=\"http:\/\/www.fuldaer-nachrichten.de\/wp-content\/uploads\/2014\/02\/012-BI.jpg\"><img loading=\"lazy\" decoding=\"async\" class=\"alignnone size-thumbnail wp-image-119805\" alt=\"012-BI\" src=\"http:\/\/www.fuldaer-nachrichten.de\/wp-content\/uploads\/2014\/02\/012-BI-265x200.jpg\" width=\"265\" height=\"200\" srcset=\"https:\/\/www.fuldaernachrichten.de\/wp-content\/uploads\/2014\/02\/012-BI-265x200.jpg 265w, https:\/\/www.fuldaernachrichten.de\/wp-content\/uploads\/2014\/02\/012-BI.jpg 600w\" sizes=\"(max-width: 265px) 100vw, 265px\" \/><\/a><a href=\"http:\/\/www.fuldaer-nachrichten.de\/wp-content\/uploads\/2014\/02\/020-BI.jpg\"><img loading=\"lazy\" decoding=\"async\" class=\"alignnone size-thumbnail wp-image-119813\" alt=\"020-BI\" src=\"http:\/\/www.fuldaer-nachrichten.de\/wp-content\/uploads\/2014\/02\/020-BI-265x196.jpg\" width=\"265\" height=\"196\" srcset=\"https:\/\/www.fuldaernachrichten.de\/wp-content\/uploads\/2014\/02\/020-BI-265x196.jpg 265w, https:\/\/www.fuldaernachrichten.de\/wp-content\/uploads\/2014\/02\/020-BI.jpg 600w\" sizes=\"(max-width: 265px) 100vw, 265px\" \/><\/a><br \/>\n<a href=\"http:\/\/www.fuldaer-nachrichten.de\/wp-content\/uploads\/2014\/02\/011-BI.jpg\"><img loading=\"lazy\" decoding=\"async\" class=\"alignnone size-thumbnail wp-image-119804\" alt=\"011-BI\" src=\"http:\/\/www.fuldaer-nachrichten.de\/wp-content\/uploads\/2014\/02\/011-BI-265x188.jpg\" width=\"265\" height=\"188\" srcset=\"https:\/\/www.fuldaernachrichten.de\/wp-content\/uploads\/2014\/02\/011-BI-265x188.jpg 265w, https:\/\/www.fuldaernachrichten.de\/wp-content\/uploads\/2014\/02\/011-BI.jpg 600w\" sizes=\"(max-width: 265px) 100vw, 265px\" \/><\/a> <a href=\"http:\/\/www.fuldaer-nachrichten.de\/wp-content\/uploads\/2014\/02\/019-BI.jpg\"><img loading=\"lazy\" decoding=\"async\" class=\"alignnone size-thumbnail wp-image-119812\" alt=\"019-BI\" src=\"http:\/\/www.fuldaer-nachrichten.de\/wp-content\/uploads\/2014\/02\/019-BI-265x194.jpg\" width=\"265\" height=\"194\" srcset=\"https:\/\/www.fuldaernachrichten.de\/wp-content\/uploads\/2014\/02\/019-BI-265x194.jpg 265w, https:\/\/www.fuldaernachrichten.de\/wp-content\/uploads\/2014\/02\/019-BI.jpg 600w\" sizes=\"(max-width: 265px) 100vw, 265px\" \/><\/a><br \/>\n<a href=\"http:\/\/www.fuldaer-nachrichten.de\/wp-content\/uploads\/2014\/02\/010-BI.jpg\"><img loading=\"lazy\" decoding=\"async\" class=\"alignnone size-thumbnail wp-image-119803\" alt=\"010-BI\" src=\"http:\/\/www.fuldaer-nachrichten.de\/wp-content\/uploads\/2014\/02\/010-BI-265x198.jpg\" width=\"265\" height=\"198\" srcset=\"https:\/\/www.fuldaernachrichten.de\/wp-content\/uploads\/2014\/02\/010-BI-265x198.jpg 265w, https:\/\/www.fuldaernachrichten.de\/wp-content\/uploads\/2014\/02\/010-BI.jpg 600w\" sizes=\"(max-width: 265px) 100vw, 265px\" \/><\/a><a href=\"http:\/\/www.fuldaer-nachrichten.de\/wp-content\/uploads\/2014\/02\/018-BI.jpg\"><img loading=\"lazy\" decoding=\"async\" class=\"alignnone size-thumbnail wp-image-119811\" alt=\"018-BI\" src=\"http:\/\/www.fuldaer-nachrichten.de\/wp-content\/uploads\/2014\/02\/018-BI-265x193.jpg\" width=\"265\" height=\"193\" srcset=\"https:\/\/www.fuldaernachrichten.de\/wp-content\/uploads\/2014\/02\/018-BI-265x193.jpg 265w, https:\/\/www.fuldaernachrichten.de\/wp-content\/uploads\/2014\/02\/018-BI.jpg 600w\" sizes=\"(max-width: 265px) 100vw, 265px\" \/><\/a><br \/>\n<a href=\"http:\/\/www.fuldaer-nachrichten.de\/wp-content\/uploads\/2014\/02\/005-TM.jpg\"><img loading=\"lazy\" decoding=\"async\" class=\"alignnone size-thumbnail wp-image-119798\" alt=\"005-TM\" src=\"http:\/\/www.fuldaer-nachrichten.de\/wp-content\/uploads\/2014\/02\/005-TM-265x191.jpg\" width=\"265\" height=\"191\" srcset=\"https:\/\/www.fuldaernachrichten.de\/wp-content\/uploads\/2014\/02\/005-TM-265x191.jpg 265w, https:\/\/www.fuldaernachrichten.de\/wp-content\/uploads\/2014\/02\/005-TM.jpg 600w\" sizes=\"(max-width: 265px) 100vw, 265px\" \/><\/a><a href=\"http:\/\/www.fuldaer-nachrichten.de\/wp-content\/uploads\/2014\/02\/006-BI.jpg\"><img loading=\"lazy\" decoding=\"async\" class=\"alignnone size-thumbnail wp-image-119799\" alt=\"006-BI\" src=\"http:\/\/www.fuldaer-nachrichten.de\/wp-content\/uploads\/2014\/02\/006-BI-265x197.jpg\" width=\"265\" height=\"197\" srcset=\"https:\/\/www.fuldaernachrichten.de\/wp-content\/uploads\/2014\/02\/006-BI-265x197.jpg 265w, https:\/\/www.fuldaernachrichten.de\/wp-content\/uploads\/2014\/02\/006-BI.jpg 600w\" sizes=\"(max-width: 265px) 100vw, 265px\" \/><\/a><br \/>\n<a href=\"http:\/\/www.fuldaer-nachrichten.de\/wp-content\/uploads\/2014\/02\/004-BI.jpg\"><img loading=\"lazy\" decoding=\"async\" class=\"alignnone size-thumbnail wp-image-119797\" alt=\"004-BI\" src=\"http:\/\/www.fuldaer-nachrichten.de\/wp-content\/uploads\/2014\/02\/004-BI-265x207.jpg\" width=\"265\" height=\"207\" srcset=\"https:\/\/www.fuldaernachrichten.de\/wp-content\/uploads\/2014\/02\/004-BI-265x207.jpg 265w, https:\/\/www.fuldaernachrichten.de\/wp-content\/uploads\/2014\/02\/004-BI.jpg 600w\" sizes=\"(max-width: 265px) 100vw, 265px\" \/><\/a><a href=\"http:\/\/www.fuldaer-nachrichten.de\/wp-content\/uploads\/2014\/02\/003-BI.jpg\"><img loading=\"lazy\" decoding=\"async\" class=\"alignnone size-thumbnail wp-image-119796\" alt=\"003-BI\" src=\"http:\/\/www.fuldaer-nachrichten.de\/wp-content\/uploads\/2014\/02\/003-BI-265x208.jpg\" width=\"265\" height=\"208\" srcset=\"https:\/\/www.fuldaernachrichten.de\/wp-content\/uploads\/2014\/02\/003-BI-265x208.jpg 265w, https:\/\/www.fuldaernachrichten.de\/wp-content\/uploads\/2014\/02\/003-BI.jpg 600w\" sizes=\"(max-width: 265px) 100vw, 265px\" \/><\/a><br \/>\n<a href=\"http:\/\/www.fuldaer-nachrichten.de\/wp-content\/uploads\/2014\/02\/002-BI.jpg\"><img loading=\"lazy\" decoding=\"async\" class=\"alignnone size-thumbnail wp-image-119795\" alt=\"002-BI\" src=\"http:\/\/www.fuldaer-nachrichten.de\/wp-content\/uploads\/2014\/02\/002-BI-265x353.jpg\" width=\"265\" height=\"353\" srcset=\"https:\/\/www.fuldaernachrichten.de\/wp-content\/uploads\/2014\/02\/002-BI-265x353.jpg 265w, https:\/\/www.fuldaernachrichten.de\/wp-content\/uploads\/2014\/02\/002-BI-198x265.jpg 198w, https:\/\/www.fuldaernachrichten.de\/wp-content\/uploads\/2014\/02\/002-BI-450x600.jpg 450w, https:\/\/www.fuldaernachrichten.de\/wp-content\/uploads\/2014\/02\/002-BI.jpg 600w\" sizes=\"(max-width: 265px) 100vw, 265px\" \/><\/a><a href=\"http:\/\/www.fuldaer-nachrichten.de\/wp-content\/uploads\/2014\/02\/009-BI.jpg\"><img loading=\"lazy\" decoding=\"async\" class=\"alignnone size-thumbnail wp-image-119802\" alt=\"009-BI\" src=\"http:\/\/www.fuldaer-nachrichten.de\/wp-content\/uploads\/2014\/02\/009-BI-265x394.jpg\" width=\"265\" height=\"394\" srcset=\"https:\/\/www.fuldaernachrichten.de\/wp-content\/uploads\/2014\/02\/009-BI-265x394.jpg 265w, https:\/\/www.fuldaernachrichten.de\/wp-content\/uploads\/2014\/02\/009-BI.jpg 600w\" sizes=\"(max-width: 265px) 100vw, 265px\" \/><\/a><br \/>\n<a href=\"http:\/\/www.fuldaer-nachrichten.de\/wp-content\/uploads\/2014\/02\/008-BI.jpg\"><img loading=\"lazy\" decoding=\"async\" class=\"alignnone size-thumbnail wp-image-119801\" alt=\"008-BI\" src=\"http:\/\/www.fuldaer-nachrichten.de\/wp-content\/uploads\/2014\/02\/008-BI-265x352.jpg\" width=\"265\" height=\"352\" srcset=\"https:\/\/www.fuldaernachrichten.de\/wp-content\/uploads\/2014\/02\/008-BI-265x352.jpg 265w, https:\/\/www.fuldaernachrichten.de\/wp-content\/uploads\/2014\/02\/008-BI-199x265.jpg 199w, https:\/\/www.fuldaernachrichten.de\/wp-content\/uploads\/2014\/02\/008-BI-451x600.jpg 451w, https:\/\/www.fuldaernachrichten.de\/wp-content\/uploads\/2014\/02\/008-BI.jpg 600w\" sizes=\"(max-width: 265px) 100vw, 265px\" \/><\/a><a href=\"http:\/\/www.fuldaer-nachrichten.de\/wp-content\/uploads\/2014\/02\/017-BI.jpg\"><img loading=\"lazy\" decoding=\"async\" class=\"alignnone size-thumbnail wp-image-119810\" alt=\"017-BI\" src=\"http:\/\/www.fuldaer-nachrichten.de\/wp-content\/uploads\/2014\/02\/017-BI-265x331.jpg\" width=\"265\" height=\"331\" srcset=\"https:\/\/www.fuldaernachrichten.de\/wp-content\/uploads\/2014\/02\/017-BI-265x331.jpg 265w, https:\/\/www.fuldaernachrichten.de\/wp-content\/uploads\/2014\/02\/017-BI-211x265.jpg 211w, https:\/\/www.fuldaernachrichten.de\/wp-content\/uploads\/2014\/02\/017-BI-479x600.jpg 479w, https:\/\/www.fuldaernachrichten.de\/wp-content\/uploads\/2014\/02\/017-BI.jpg 600w\" sizes=\"(max-width: 265px) 100vw, 265px\" \/><\/a><\/p>\n","protected":false},"excerpt":{"rendered":"<div class=\"tmnf_excerpt\"><p>Fulda. Am Freitag, den 14. Februar 2014 waren wieder viele hundert G\u00e4ste der Einladung von Schulleitung, Kollegium und Sch\u00fclern der Eduard-Stieler-Schule gefolgt um \u00c2\u00a0sich ein Bild von den vielen verschiedenen Schulformen im Hause zu ma\u00c2\u00adchen.<\/p>\n<\/div>","protected":false},"author":1,"featured_media":0,"comment_status":"closed","ping_status":"closed","sticky":false,"template":"","format":"standard","meta":{"footnotes":""},"categories":[1,53,78],"tags":[],"class_list":["post-119793","post","type-post","status-publish","format-standard","hentry","category-startseite","category-bildung","category-topthema"],"_links":{"self":[{"href":"https:\/\/www.fuldaernachrichten.de\/index.php?rest_route=\/wp\/v2\/posts\/119793","targetHints":{"allow":["GET"]}}],"collection":[{"href":"https:\/\/www.fuldaernachrichten.de\/index.php?rest_route=\/wp\/v2\/posts"}],"about":[{"href":"https:\/\/www.fuldaernachrichten.de\/index.php?rest_route=\/wp\/v2\/types\/post"}],"author":[{"embeddable":true,"href":"https:\/\/www.fuldaernachrichten.de\/index.php?rest_route=\/wp\/v2\/users\/1"}],"replies":[{"embeddable":true,"href":"https:\/\/www.fuldaernachrichten.de\/index.php?rest_route=%2Fwp%2Fv2%2Fcomments&post=119793"}],"version-history":[{"count":1,"href":"https:\/\/www.fuldaernachrichten.de\/index.php?rest_route=\/wp\/v2\/posts\/119793\/revisions"}],"predecessor-version":[{"id":119822,"href":"https:\/\/www.fuldaernachrichten.de\/index.php?rest_route=\/wp\/v2\/posts\/119793\/revisions\/119822"}],"wp:attachment":[{"href":"https:\/\/www.fuldaernachrichten.de\/index.php?rest_route=%2Fwp%2Fv2%2Fmedia&parent=119793"}],"wp:term":[{"taxonomy":"category","embeddable":true,"href":"https:\/\/www.fuldaernachrichten.de\/index.php?rest_route=%2Fwp%2Fv2%2Fcategories&post=119793"},{"taxonomy":"post_tag","embeddable":true,"href":"https:\/\/www.fuldaernachrichten.de\/index.php?rest_route=%2Fwp%2Fv2%2Ftags&post=119793"}],"curies":[{"name":"wp","href":"https:\/\/api.w.org\/{rel}","templated":true}]}}