{"id":119606,"date":"2014-02-11T00:09:40","date_gmt":"2014-02-11T00:09:40","guid":{"rendered":"http:\/\/www.fuldaer-nachrichten.de\/?p=119606"},"modified":"2014-02-10T16:30:36","modified_gmt":"2014-02-10T16:30:36","slug":"auszubildende-des-landkreises-fulda-beteiligen-sich-am-bundesmodellprojekt-prevwork","status":"publish","type":"post","link":"https:\/\/www.fuldaernachrichten.de\/?p=119606","title":{"rendered":"Auszubildende des Landkreises Fulda beteiligen sich am Bundesmodellprojekt Prev@WORK"},"content":{"rendered":"<div id=\"attachment_119607\" style=\"width: 570px\" class=\"wp-caption alignnone\"><a href=\"http:\/\/www.fuldaer-nachrichten.de\/wp-content\/uploads\/2014\/02\/053-Auszubildende.jpg\"><img fetchpriority=\"high\" decoding=\"async\" aria-describedby=\"caption-attachment-119607\" class=\"size-full wp-image-119607\" alt=\"In Gruppenarbeit wurden die Motive, Auswirkungen und Folgen von verschiedenen Suchtmit-teln herausgearbeitet.               Foto: Klug\" src=\"http:\/\/www.fuldaer-nachrichten.de\/wp-content\/uploads\/2014\/02\/053-Auszubildende.jpg\" width=\"560\" height=\"360\" \/><\/a><p id=\"caption-attachment-119607\" class=\"wp-caption-text\">In Gruppenarbeit wurden die Motive, Auswirkungen und Folgen von verschiedenen Suchtmit-teln herausgearbeitet. Foto: Klug<\/p><\/div>\n<p>Fulda. Mit Drogen habe ich bisher keine Erfahrungen gemacht und auch in meinem Umfeld sind Drogen und Sucht kein Thema\u201c, meinte eine Teilnehmerin bei der Er\u00f6ffnung des Basisseminars prev@WORK fest<b>. <\/b>Diese Antwort w\u00e4re in einer Gro\u00dfstadt vielleicht anders ausgefallen. Warum macht man sich also gerade in der Kreisverwaltung Fulda Gedanken \u00fcber Sucht und Drogen? \u201eWenn man Drogen und Sucht h\u00f6rt, denkt man zuerst an illegale Drogen wie Heroin\u201c, stellten die Auszubildenden fest. Doch sie begriffen schnell, dass das Seminar auch auf legale Suchtmittel wie Alkohol und Nikotin abzielt, die in der Gesellschaft weit verbreitet und fast allt\u00e4glich geworden sind. \u201eEs geht hier in erster Linie nicht um die Bek\u00e4mpfung von Drogen, sondern um die Verhinderung von Sucht\u201c, best\u00e4tigte Ausbildungsleiterin Maria Post.<!--more--><\/p>\n<p>Das Bundesmodellprojekt Prev@WORK wurde zur Suchtpr\u00e4vention in der Berufsausbildung, -vorbereitung und -orientierung konzipiert und basiert auf aktuellen wissenschaftlichen Erkenntnissen. Man erhofft sich dadurch bessere Abschl\u00fcsse, aber auch weniger Fehlzeiten und weniger Ausbildungsabbr\u00fcche, die m\u00f6glicherweise dem Konsum von Suchtmitteln zuzuschreiben sind. Durch das vermittelte Wissen soll ein gr\u00f6\u00dferes Verantwortungsbewusstsein und eine gr\u00f6\u00dfere Vorsicht im Umgang mit Suchtmitteln erreicht werden. Das gesamte Programm besteht aus einem zweit\u00e4gigen Basisseminar sowie einem Aufbauseminar, das von den Fachstellen f\u00fcr Suchtpr\u00e4vention des Caritasverbandes Fulda und des Diakonischen Werks durchgef\u00fchrt wird.<\/p>\n<p>Die Auszubildenden des Landkreises Fulda testeten ihr Wissen und arbeiteten in Gruppenarbeit die Motive, Auswirkungen und Folgen von unterschiedlichen Suchtmitteln heraus. Au\u00dferdem besch\u00e4ftigten sie sich mit den Rechtsgrundlagen, der Suchtentstehung sowie den Risiko- und Schutzfaktoren. Aber nicht nur das Wissen der Auszubildenden wurde erweitert, sondern auch der Zusammenhalt gest\u00e4rkt. Am Ende zogen die Teilnehmer das Res\u00fcmee: \u201eDurch die zum Teil schockierenden Fakten wurde man selbst zum Nachdenken angeregt und setzte sich dadurch auch mit dem eigenen Konsum- und Suchtverhalten auseinander. Man wird in Zukunft hellh\u00f6riger sein, wenn im Umfeld etwas passiert bzw. wenn man im Alltag mit kritischen Situationen konfrontiert wird\u201c.<\/p>\n<p>&nbsp;<\/p>\n","protected":false},"excerpt":{"rendered":"<div class=\"tmnf_excerpt\"><p>Fulda. Mit Drogen habe ich bisher keine Erfahrungen gemacht und auch in meinem Umfeld sind Drogen und Sucht kein Thema\u201c, meinte eine Teilnehmerin bei der Er\u00f6ffnung des Basisseminars prev@WORK fest. Diese Antwort w\u00e4re in einer Gro\u00dfstadt vielleicht anders ausgefallen. Warum macht man sich also gerade in der Kreisverwaltung Fulda Gedanken \u00fcber Sucht und Drogen? \u201eWenn &hellip;<\/p>\n<\/div>","protected":false},"author":1,"featured_media":0,"comment_status":"closed","ping_status":"closed","sticky":false,"template":"","format":"standard","meta":{"footnotes":""},"categories":[1,29,78],"tags":[],"class_list":["post-119606","post","type-post","status-publish","format-standard","hentry","category-startseite","category-politik","category-topthema"],"_links":{"self":[{"href":"https:\/\/www.fuldaernachrichten.de\/index.php?rest_route=\/wp\/v2\/posts\/119606","targetHints":{"allow":["GET"]}}],"collection":[{"href":"https:\/\/www.fuldaernachrichten.de\/index.php?rest_route=\/wp\/v2\/posts"}],"about":[{"href":"https:\/\/www.fuldaernachrichten.de\/index.php?rest_route=\/wp\/v2\/types\/post"}],"author":[{"embeddable":true,"href":"https:\/\/www.fuldaernachrichten.de\/index.php?rest_route=\/wp\/v2\/users\/1"}],"replies":[{"embeddable":true,"href":"https:\/\/www.fuldaernachrichten.de\/index.php?rest_route=%2Fwp%2Fv2%2Fcomments&post=119606"}],"version-history":[{"count":2,"href":"https:\/\/www.fuldaernachrichten.de\/index.php?rest_route=\/wp\/v2\/posts\/119606\/revisions"}],"predecessor-version":[{"id":119609,"href":"https:\/\/www.fuldaernachrichten.de\/index.php?rest_route=\/wp\/v2\/posts\/119606\/revisions\/119609"}],"wp:attachment":[{"href":"https:\/\/www.fuldaernachrichten.de\/index.php?rest_route=%2Fwp%2Fv2%2Fmedia&parent=119606"}],"wp:term":[{"taxonomy":"category","embeddable":true,"href":"https:\/\/www.fuldaernachrichten.de\/index.php?rest_route=%2Fwp%2Fv2%2Fcategories&post=119606"},{"taxonomy":"post_tag","embeddable":true,"href":"https:\/\/www.fuldaernachrichten.de\/index.php?rest_route=%2Fwp%2Fv2%2Ftags&post=119606"}],"curies":[{"name":"wp","href":"https:\/\/api.w.org\/{rel}","templated":true}]}}