{"id":119537,"date":"2014-02-08T00:09:05","date_gmt":"2014-02-08T00:09:05","guid":{"rendered":"http:\/\/www.fuldaer-nachrichten.de\/?p=119537"},"modified":"2014-02-08T08:19:43","modified_gmt":"2014-02-08T08:19:43","slug":"nachbarschaftshilfe-einmal-anders-tanner-verein-fuereinander-da-sein-hatte-zum-erzaehlen-ueber-hausnamen-eingeladen","status":"publish","type":"post","link":"https:\/\/www.fuldaernachrichten.de\/?p=119537","title":{"rendered":"Nachbarschaftshilfe einmal anders: Tanner Verein \u201eF\u00fcreinander da sein\u201c hatte zum Erz\u00e4hlen \u00fcber Hausnamen eingeladen"},"content":{"rendered":"<div id=\"attachment_119538\" style=\"width: 570px\" class=\"wp-caption alignnone\"><a href=\"http:\/\/www.fuldaer-nachrichten.de\/wp-content\/uploads\/2014\/02\/047-F\u00fcreinander-Dasein.jpg\"><img fetchpriority=\"high\" decoding=\"async\" aria-describedby=\"caption-attachment-119538\" class=\"size-full wp-image-119538\" alt=\"\u201eGro\u00dfartig\u201c fand die 97-j\u00e4hrige Elfriede Spohr (dritte von links) das Erz\u00e4hlcaf\u00e9 des Vereins \u201eF\u00fcreinander da sein\u201c, zu dem Vorsitzende Gabriele J\u00f6rges (links daneben) und zahlreiche Helferinnen eingeladen hatten.                                                                            Foto: Limpert \" src=\"http:\/\/www.fuldaer-nachrichten.de\/wp-content\/uploads\/2014\/02\/047-F\u00fcreinander-Dasein.jpg\" width=\"560\" height=\"360\" \/><\/a><p id=\"caption-attachment-119538\" class=\"wp-caption-text\">\u201eGro\u00dfartig\u201c fand die 97-j\u00e4hrige Elfriede Spohr (dritte von links) das Erz\u00e4hlcaf\u00e9 des Vereins \u201eF\u00fcreinander da sein\u201c, zu dem Vorsitzende Gabriele J\u00f6rges (links daneben) und zahlreiche Helferinnen eingeladen hatten. Foto: Limpert<\/p><\/div>\n<p>Tann. Nachbarschaftshilfe spielt f\u00fcr den Verein \u201eF\u00fcreinander da sein\u201c eine wichtige Rolle. Beim zweiten \u201eErz\u00e4hlcaf\u00e9\u201c, zu dem der Vorstand eingeladen hatte,\u00c2\u00a0 wurde ihm selbst solche Hilfe zuteil: Weil der Andrang zu der Veranstaltung so gro\u00df war, dass die Sitzpl\u00e4tze nicht ausreichten, stellten Besitzer der benachbarten Gesch\u00e4fte spontan St\u00fchle zur Verf\u00fcgung und halfen, diese in die Begegnungsst\u00e4tte \u201eKunst und Caf\u00e9\u201c der Tanner Diakonie zu tragen.<!--more--><\/p>\n<p>Um Hausnamen sollte es gehen. \u201eWir planen keinen Vortrag, sondern wollen miteinander ins Gespr\u00e4ch kommen\u201c, leitete die Vorsitzende Gabriele J\u00f6rges ein. Schmunzelnd berichtete sie von einer Telefonanfrage wegen Unterlagen \u00fcber die Veranstaltung. Als sie angeboten habe, einen Fahrer f\u00fcr die interessierte Person zu organisieren, habe sich herausgestellt, dass diese nicht (mehr) in Tann, sondern in Bonn lebt. Das war dann doch etwas zu weit f\u00fcr die eigentlich sehr motivierten 42 ehrenamtlichen Mitarbeiter, die sich als Helfer f\u00fcr Gartenarbeiten, kleinere Reparaturen, Kinderbetreuung oder eben Fahrdienste zur Verf\u00fcgung stellen.<\/p>\n<p>W\u00e4hrend sich ein j\u00fcngst organisierter Vortrag zum Thema \u201eZusatzstoffe in Lebensmitteln\u201c vor allem an junge Familien richtete, soll mit dem Erz\u00e4hlcaf\u00e9 die \u00e4ltere Generation angesprochen werden. \u201eDieser wollen wir eine Gelegenheit anbieten, gem\u00fctlich bei Kaffee und Kuchen Erinnerungen auszutauschen\u201c, erkl\u00e4rt Gabriele J\u00f6rges. Nicht nur mit dieser Anregung zum Zur\u00fcckblicken st\u00f6\u00dft der Verein auf sehr gute Resonanz, sondern genauso mit seinen PC-Seminaren f\u00fcr Senioren. Nach Ostern starten neue Kurse, f\u00fcr die man sich bereits anmelden kann.<\/p>\n<p>Wer zur \u201e\u00e4lteren Generation\u201c z\u00e4hlt, h\u00e4ngt von der Perspektive ab. So schw\u00e4rmte Besucherin Elfriede Spohr: \u201eDas ist gro\u00dfartig: So viele junge Menschen, die sich f\u00fcr Hausnamen interessieren!\u201c In den Augen der r\u00fcstigen 97-J\u00e4hrigen geh\u00f6rt Vereinsmitglied Anni Kirchner mit ihren 70 Jahren zur \u201ej\u00fcngeren Generation\u201c. \u201eIch bin die Stumpfes Anni\u201c, begann diese als Erste zu erz\u00e4hlen. Bald schon steuerten auch die anderen G\u00e4ste Interessantes zum Thema bei. Gabriele J\u00f6rges moderierte den Austausch zwischen den etwa 30 Anwesenden und lie\u00df dabei gen\u00fcgend Gelegenheit zum Plausch mit den Sitznachbarn. Altb\u00fcrgermeister Dieter Herchenhan, der beim ersten Erz\u00e4hlcaf\u00e9 im November vergangenen Jahres von seinen Erinnerungen an die Grenz\u00f6ffnung berichtet hatte, trug spontan mit einigen Anekdoten rund um Hausnamen zur Unterhaltung bei.<\/p>\n<p>\u201eIch danke allen, die sich f\u00fcr diese Veranstaltung M\u00fche gemacht\u00c2\u00a0 haben\u201c, meinte Elfriede Spohr sp\u00e4ter. Sie sei wegen des Themas gekommen, habe es aber genauso genossen, Bekannte wiederzusehen, was wegen ihrer eingeschr\u00e4nkten Mobilit\u00e4t selten sei.<\/p>\n<p>\u201eWir m\u00fcssen uns f\u00fcr das n\u00e4chste Erz\u00e4hlcaf\u00e9 nach gr\u00f6\u00dferen R\u00e4umlichkeiten umsehen, aber das Konzept behalten wir bei\u201c, versprach Gabriele J\u00f6rges. Alle acht Wochen m\u00f6chte der Verein k\u00fcnftig dazu einladen. Offenbar erleichtert ein Anlass das Zusammenkommen. Denn der donnerst\u00e4gige offene Treff in dem Caf\u00e9 der Diakonie ist wegen mangelnden Interesses eingestellt worden. F\u00fcr J\u00f6rges, von Beruf Sozialp\u00e4dagogin, sind Veranstaltungen wie das Erz\u00e4hlcaf\u00e9 wichtig, um das Angebot des 2011 gegr\u00fcndeten Vereins bekannt zu machen und die Hemmschwelle zu senken, sich bei Bedarf an ihn zu wenden.<\/p>\n<p>Wer Unterst\u00fctzung im Sinn von Nachbarschaftshilfe ben\u00f6tigt, kann montags bis freitags von 8 bis 16 Uhr die Telefonnummer (06682)9702800 anrufen. \u201eAm besten nicht zu kurzfristig, sondern m\u00f6glichst mindestens einen Tag vorher\u201c, bittet J\u00f6rges. Insgesamt 150 Anfragen verzeichneten die acht Vorstandsmitglieder, die sich mit dem Telefondienst abwechseln, 2012 und 2013. \u201eDamit haben die ehrenamtlichen Helfer durchaus noch Kapazit\u00e4ten frei\u201c, l\u00e4dt die Vorsitzende alle Mitb\u00fcrgerinnen und Mitb\u00fcrger dazu ein, das kostenlose Angebot zu nutzen. \u201eAuch \u00fcber weitere Mitglieder und Helfer, vor allem f\u00fcr\u00c2\u00a0 handwerkliche, hauswirtschaftliche und g\u00e4rtnerische Eins\u00e4tze, freuen wir uns.\u201c<\/p>\n<p>www.fuereinander-da-sein-tann.de<\/p>\n<p>&nbsp;<\/p>\n","protected":false},"excerpt":{"rendered":"<div class=\"tmnf_excerpt\"><p>Tann. Nachbarschaftshilfe spielt f\u00fcr den Verein \u201eF\u00fcreinander da sein\u201c eine wichtige Rolle. Beim zweiten \u201eErz\u00e4hlcaf\u00e9\u201c, zu dem der Vorstand eingeladen hatte,\u00c2\u00a0 wurde ihm selbst solche Hilfe zuteil: Weil der Andrang zu der Veranstaltung so gro\u00df war, dass die Sitzpl\u00e4tze nicht ausreichten, stellten Besitzer der benachbarten Gesch\u00e4fte spontan St\u00fchle zur Verf\u00fcgung und halfen, diese in die &hellip;<\/p>\n<\/div>","protected":false},"author":1,"featured_media":0,"comment_status":"closed","ping_status":"closed","sticky":false,"template":"","format":"standard","meta":{"footnotes":""},"categories":[1,44,78],"tags":[],"class_list":["post-119537","post","type-post","status-publish","format-standard","hentry","category-startseite","category-kultur","category-topthema"],"_links":{"self":[{"href":"https:\/\/www.fuldaernachrichten.de\/index.php?rest_route=\/wp\/v2\/posts\/119537","targetHints":{"allow":["GET"]}}],"collection":[{"href":"https:\/\/www.fuldaernachrichten.de\/index.php?rest_route=\/wp\/v2\/posts"}],"about":[{"href":"https:\/\/www.fuldaernachrichten.de\/index.php?rest_route=\/wp\/v2\/types\/post"}],"author":[{"embeddable":true,"href":"https:\/\/www.fuldaernachrichten.de\/index.php?rest_route=\/wp\/v2\/users\/1"}],"replies":[{"embeddable":true,"href":"https:\/\/www.fuldaernachrichten.de\/index.php?rest_route=%2Fwp%2Fv2%2Fcomments&post=119537"}],"version-history":[{"count":1,"href":"https:\/\/www.fuldaernachrichten.de\/index.php?rest_route=\/wp\/v2\/posts\/119537\/revisions"}],"predecessor-version":[{"id":119539,"href":"https:\/\/www.fuldaernachrichten.de\/index.php?rest_route=\/wp\/v2\/posts\/119537\/revisions\/119539"}],"wp:attachment":[{"href":"https:\/\/www.fuldaernachrichten.de\/index.php?rest_route=%2Fwp%2Fv2%2Fmedia&parent=119537"}],"wp:term":[{"taxonomy":"category","embeddable":true,"href":"https:\/\/www.fuldaernachrichten.de\/index.php?rest_route=%2Fwp%2Fv2%2Fcategories&post=119537"},{"taxonomy":"post_tag","embeddable":true,"href":"https:\/\/www.fuldaernachrichten.de\/index.php?rest_route=%2Fwp%2Fv2%2Ftags&post=119537"}],"curies":[{"name":"wp","href":"https:\/\/api.w.org\/{rel}","templated":true}]}}