{"id":119510,"date":"2014-02-07T00:06:45","date_gmt":"2014-02-07T00:06:45","guid":{"rendered":"http:\/\/www.fuldaer-nachrichten.de\/?p=119510"},"modified":"2014-02-07T07:08:23","modified_gmt":"2014-02-07T07:08:23","slug":"haushalte-mit-hilfebedarf-in-stadt-und-kreis-fulda-koennen-mit-caritas-energiesparcheck-vereinbaren","status":"publish","type":"post","link":"https:\/\/www.fuldaernachrichten.de\/?p=119510","title":{"rendered":"Haushalte mit Hilfebedarf in Stadt und Kreis Fulda k\u00f6nnen mit Caritas Energiesparcheck vereinbaren"},"content":{"rendered":"<p><a href=\"http:\/\/www.fuldaer-nachrichten.de\/wp-content\/uploads\/2014\/02\/046-Energiesparcheck1.jpg\"><img fetchpriority=\"high\" decoding=\"async\" class=\"alignnone size-full wp-image-119512\" alt=\"046-Energiesparcheck\" src=\"http:\/\/www.fuldaer-nachrichten.de\/wp-content\/uploads\/2014\/02\/046-Energiesparcheck1.jpg\" width=\"560\" height=\"359\" \/><\/a><\/p>\n<p>Fulda. Es hat sich mittlerweile herum gesprochen: bei allem Wohlstand gibt es in Deutschland Menschen in Armut, die mit sehr wenig Geld ihren Alltag bestehen m\u00fcssen. F\u00fcr sie kommt es auf jeden Cent an, den man einsparen kann. Viele M\u00f6glichkeiten bleiben den Betroffenen nicht. Aber eine wesentliche \u201eStellschraube\u201c zum Sparen sind die Ausgaben f\u00fcr Energie: Strom, Gas und Wasser. Da ist immer etwas Spielraum.<b> <\/b><\/p>\n<p>Der Caritasverband f\u00fcr die Regionen Fulda und Geisa bietet daf\u00fcr in Kooperation mit dem Landkreis Fulda die M\u00f6glichkeit zu einem umfassenden kostenlosen Energiesparcheck. Berechtigt dazu sind Menschen, die Arbeitslosengeld II oder andere Transferleistungen wie Wohngeld oder Aufstockungen ihrer Rente erhalten. \u201eUnsere Erfahrungen aus den Sozialberatungen zeigen, dass in \u00fcberschuldeten Haushalten die Energiekosten oft eine entscheidende Rolle spielen\u201c, betont Bereichsleiter Werner Althaus von der Caritas. \u201eHier setzen wir an: Nach einer gr\u00fcndlichen Pr\u00fcfung vor Ort wird aufgelistet, wo \u00c4nderungen zur Reduzierung des Verbrauchs m\u00f6glich sind. Das Charmante: Die Betroffenen k\u00f6nnen dann selbst aktiv durch ver\u00e4ndertes Verhalten oder durch kleine Ma\u00dfnahmen zum Kostensparen beitragen und sind nicht nur auf Hilfe von au\u00dfen angewiesen.\u201c<\/p>\n<p>Das Team der Energiesparchecker besteht aus dem Projektleiter Marco M\u00f6ller und dem Energiesparhelfer Mike Betz. Gemeinsam besuchen die beiden nach Terminvereinbarung die betroffenen Haushalte und erfassen den Verbrauch an Energie sowie alle im Haushalt vorhandenen Energieverbrauchsquellen. Nach dieser gr\u00fcndlichen Bestandsaufnahme bilanzieren sie die Einsparpotenziale und schlagen konkrete Ma\u00dfnahmen vor. Zur Erleichterung des Starts in den \u201eEnergiespar-Modus\u201c installieren die Stromsparchecker in den gepr\u00fcften Haushalten auch unmittelbar erste kleine Energiesparhilfen wie Wasserdurchlaufbegrenzer oder Energiesparleuchten anstelle der herk\u00f6mmlichen Gl\u00fchbirnen<\/p>\n<p>Elektromeister Marco M\u00f6ller sieht Einsparpotenziale von bis zu mehreren hundert Euro pro Jahr: \u201eAllein wenn Sie s\u00e4mtliche Stand-by-Ger\u00e4te konsequent abschalten, kommt schon eine erkleckliche Summe zusammen. Und gro\u00dfe Stromfresser sind nat\u00fcrlich \u00fcberalterte K\u00fchlschr\u00e4nke oder Waschmaschinen\u201c. \u201eWir haben bei dem Projekt mehrere Ziele\u201c, unterstreicht Markus Vogt vom Kreisjobcenter des Landkreises Fulda. \u201eZum einen setzen wir damit auf Hilfe zur Selbsthilfe:\u00c2\u00a0 Wer sieht, dass Energiesparen auch wirklich das Portemonnaie schont, wird auch zuk\u00fcnftig davon Gebrauch machen. So schonen wir\u00c2\u00a0 dadurch insgesamt unsere Energie-Ressourcen \u2013 der Energiesparcheck ist also auch ein relevanter Beitrag zum Umwelt- und Klimaschutz!\u201c<\/p>\n<p>Der Energiesparcheck ist freiwillig, allenfalls wenn der Landkreis in Einzelf\u00e4llen beispielsweise erhebliche Stromschulden eines Klienten \u00fcbernehmen muss, soll die Beratung als Bestandteil der Sozialberatung \u201everordnet\u201c werden k\u00f6nnen. Insgesamt jedoch kommen die meisten Menschen von selbst gerne auf die Energiesparchecker der Caritas zu, denn der positive Effekt einer solchen Pr\u00fcfung des Energieverbrauchs spricht sich von Haus zu Haus herum. \u201eMund-zu-Mund-Propaganda spielt bei uns eine wesentliche Rolle\u201c betont Marco M\u00f6ller.<\/p>\n<p><b>Info<\/b><\/p>\n<p>Energiesparcheck n\u00f6tig? Einfach mal kontaktieren: Energiesparcheck c\/o Caritasverband f\u00fcr die Regionen Fulda und Geisa, Telefon (0661)2428-366, E-Mail <a href=\"mailto:energiesparcheck@caritas-fulda.de\">energiesparcheck@caritas-fulda.de<\/a>. Sprechzeiten sind dienstags von 14 bis 17 Uhr und freitags von 8.30 bis 12.30 Uhr. \/ Foto: Scharf<\/p>\n","protected":false},"excerpt":{"rendered":"<div class=\"tmnf_excerpt\"><p>Fulda. Es hat sich mittlerweile herum gesprochen: bei allem Wohlstand gibt es in Deutschland Menschen in Armut, die mit sehr wenig Geld ihren Alltag bestehen m\u00fcssen. F\u00fcr sie kommt es auf jeden Cent an, den man einsparen kann. Viele M\u00f6glichkeiten bleiben den Betroffenen nicht. Aber eine wesentliche \u201eStellschraube\u201c zum Sparen sind die Ausgaben f\u00fcr Energie: &hellip;<\/p>\n<\/div>","protected":false},"author":1,"featured_media":0,"comment_status":"closed","ping_status":"closed","sticky":false,"template":"","format":"standard","meta":{"footnotes":""},"categories":[1,29,78],"tags":[],"class_list":["post-119510","post","type-post","status-publish","format-standard","hentry","category-startseite","category-politik","category-topthema"],"_links":{"self":[{"href":"https:\/\/www.fuldaernachrichten.de\/index.php?rest_route=\/wp\/v2\/posts\/119510","targetHints":{"allow":["GET"]}}],"collection":[{"href":"https:\/\/www.fuldaernachrichten.de\/index.php?rest_route=\/wp\/v2\/posts"}],"about":[{"href":"https:\/\/www.fuldaernachrichten.de\/index.php?rest_route=\/wp\/v2\/types\/post"}],"author":[{"embeddable":true,"href":"https:\/\/www.fuldaernachrichten.de\/index.php?rest_route=\/wp\/v2\/users\/1"}],"replies":[{"embeddable":true,"href":"https:\/\/www.fuldaernachrichten.de\/index.php?rest_route=%2Fwp%2Fv2%2Fcomments&post=119510"}],"version-history":[{"count":1,"href":"https:\/\/www.fuldaernachrichten.de\/index.php?rest_route=\/wp\/v2\/posts\/119510\/revisions"}],"predecessor-version":[{"id":119513,"href":"https:\/\/www.fuldaernachrichten.de\/index.php?rest_route=\/wp\/v2\/posts\/119510\/revisions\/119513"}],"wp:attachment":[{"href":"https:\/\/www.fuldaernachrichten.de\/index.php?rest_route=%2Fwp%2Fv2%2Fmedia&parent=119510"}],"wp:term":[{"taxonomy":"category","embeddable":true,"href":"https:\/\/www.fuldaernachrichten.de\/index.php?rest_route=%2Fwp%2Fv2%2Fcategories&post=119510"},{"taxonomy":"post_tag","embeddable":true,"href":"https:\/\/www.fuldaernachrichten.de\/index.php?rest_route=%2Fwp%2Fv2%2Ftags&post=119510"}],"curies":[{"name":"wp","href":"https:\/\/api.w.org\/{rel}","templated":true}]}}