{"id":119413,"date":"2014-02-05T00:13:37","date_gmt":"2014-02-05T00:13:37","guid":{"rendered":"http:\/\/www.fuldaer-nachrichten.de\/?p=119413"},"modified":"2014-02-04T17:48:03","modified_gmt":"2014-02-04T17:48:03","slug":"brot-projekt-geht-in-die-schlussphase-wissenschaftler-der-hochschule-fulda-erforschen-seniorengerechte-lebensmitteln","status":"publish","type":"post","link":"https:\/\/www.fuldaernachrichten.de\/?p=119413","title":{"rendered":"\u201eBrot\u201c- Projekt geht in die Schlussphase &#8211; Wissenschaftler der Hochschule Fulda erforschen seniorengerechte Lebensmitteln"},"content":{"rendered":"<div id=\"attachment_119414\" style=\"width: 275px\" class=\"wp-caption alignleft\"><a href=\"http:\/\/www.fuldaer-nachrichten.de\/wp-content\/uploads\/2014\/02\/Brot.jpg\"><img decoding=\"async\" aria-describedby=\"caption-attachment-119414\" class=\"size-thumbnail wp-image-119414\" alt=\"Das LOEWE Projekt (HA-Projekt-Nr. 359\/12-49) wird im Rahmen von Hessen ModellProjekte aus Mitteln der LOEWE-Landes-Offensive zur Entwicklung Wissenschaftlich-\u00f6konomischer Exzellenz, F\u00f6rderline 3:KMU-Verbundvorhaben, gef\u00f6rdert.\" src=\"http:\/\/www.fuldaer-nachrichten.de\/wp-content\/uploads\/2014\/02\/Brot-265x127.jpg\" width=\"265\" height=\"127\" srcset=\"https:\/\/www.fuldaernachrichten.de\/wp-content\/uploads\/2014\/02\/Brot-265x127.jpg 265w, https:\/\/www.fuldaernachrichten.de\/wp-content\/uploads\/2014\/02\/Brot.jpg 600w\" sizes=\"(max-width: 265px) 100vw, 265px\" \/><\/a><p id=\"caption-attachment-119414\" class=\"wp-caption-text\">Das LOEWE Projekt (HA-Projekt-Nr. 359\/12-49) wird im Rahmen von Hessen ModellProjekte aus Mitteln der LOEWE-Landes-Offensive zur Entwicklung Wissenschaftlich-\u00f6konomischer Exzellenz, F\u00f6rderline 3:KMU-Verbundvorhaben, gef\u00f6rdert.<\/p><\/div>\n<p>Fulda. Wie b\u00e4ckt man Brot, das f\u00fcr Senioren besonders geeignet ist? Dieser Frage geht seit 2012 das Projekt \u201eSeniorengerechte Lebensmittel\u201c nach, an dem die Hochschule Fulda, die B\u00e4ckerei Storch sowie die Unternehmensgruppe Mediana\/Seniana beteiligt sind. In der Seniorenresidenz Seniana fanden unter verschiedenen Fragestellungen auch im vergangenen Jahr Verk\u00f6stigungen statt.<\/p>\n<p>Professor Dr. Joachim Schmitt aus dem Fachbereich Lebensmitteltechnologie der Hochschule Fulda konnte verschiedene Studenten f\u00fcr Master- und Bachelorarbeiten innerhalb des Projektes gewinnen. Rund um neue Backmischungen und -verfahren gab es einiges zu erforschen und wissenschaftlich zu dokumentieren: Dabei ging es um Fragen wie Retrogradationsreduzierung und Gefrier-Taustabilit\u00e4t sowie die \u00c2\u00a0Mineralstoffanreicherung. Ersteres meint den Verlauf und den Einfluss auf das \u201eAltbackenwerden\u201c von Brot. Bei der zweiten Fragestellung um die Haltbarkeit und Frische beim Wiederauftauen sowie um Grenzen der Anreicherung bez\u00fcglich Geschmack und Backverhalten. Die monatelangen Arbeiten der Studenten gestalteten sich sehr arbeitsintensiv und abwechslungsreich.<\/p>\n<p><b>Mehrere Testreihen<\/b><\/p>\n<p>Um die theoretischen Erkenntnisse praktisch und unter realen Bedingungen zu erweitern, gab es im Sommer 2013 verschiedene Testreihen.\u00c2\u00a0 Hierzu brauchte es neben Testpersonen auch eine schriftliche Unterlage, um die Testergebnisse zu dokumentieren und nachzuhalten. Im Seniorenstift Seniana wurde kr\u00e4ftig f\u00fcr die Unterst\u00fctzung des Projektes geworben und so gelang es den F\u00fchrungskr\u00e4ften aus den verschiedenen Wohnbereichen sowie dem Betreuten Wohnen eine gro\u00dfe Anzahl von Damen und Herren zu gewinnen.<\/p>\n<p>Unter wissenschaftlicher Begleitung wurden die Fragestellungen entwickelt und dazugeh\u00f6rige Antwortm\u00f6glichkeiten abgesprochen. Dies alles sollte einfach und leicht verst\u00e4ndlich aber dennoch mit maximaler Aussagekraft geschehen.<\/p>\n<p>In mehreren Durchl\u00e4ufen verkosteten die Stiftsdamen und Herren dann die unterschiedlichen Produkte. Es wurde angeregt und intensiv diskutiert, probiert und gelobt aber auch kritisch hinterfragt und Verbesserungen angesprochen. \u201eEs war toll mit den \u00e4lteren Herrschaften zusammen zu arbeiten, ich habe viel lernen k\u00f6nnen und bin in meiner Arbeit vorangekommen\u201c, so das Zwischenfazit von Wissenschaftlerin Katharina Fuckerer. Die Damen und Herren bewiesen ein hohes Interesse an dem einmaligen Projekt und besuchten zusammen mit der Hausdame Andrea Krieg und K\u00fcchenmeister Stefan Grimm im Herbst die moderne Backstube der B\u00e4ckerei Storch.<\/p>\n<p><b>Erste Erkenntnisse<\/b><\/p>\n<p>In einer gro\u00dfen Informationsveranstaltung unter Beteiligung aller Projektgruppen, Master- und Bachelorstudenten sowie verschiedener G\u00e4ste pr\u00e4sentierte die Doktorandin Katharina Fuckerer die Erkenntnisse aus den Praxistests. In klar strukturierten Charts gab es hinreichende Aussagen \u00fcber die Beurteilung von Aussehen, Geschmack und Konsistenz der neuen Brote. Auch die vorgesehenen \u00c4nderungen f\u00fcr 2014 wurden im Projektteam besprochen. Denn auch in diesem Jahr wird es neben kleinen Verfeinerungen im Produkt selber eine zweite Verkostungsreihe geben. Auch soll es im Laufe des Jahres weitere Gespr\u00e4che mit m\u00f6glichen Interessenten geben, um die Praxistauglichkeit weiter zu testen und Erfahrungen zu sammeln, so Projektleiter Markus Otto (Mediana\/Seniana).<\/p>\n","protected":false},"excerpt":{"rendered":"<div class=\"tmnf_excerpt\"><p>Fulda. Wie b\u00e4ckt man Brot, das f\u00fcr Senioren besonders geeignet ist? Dieser Frage geht seit 2012 das Projekt \u201eSeniorengerechte Lebensmittel\u201c nach, an dem die Hochschule Fulda, die B\u00e4ckerei Storch sowie die Unternehmensgruppe Mediana\/Seniana beteiligt sind. In der Seniorenresidenz Seniana fanden unter verschiedenen Fragestellungen auch im vergangenen Jahr Verk\u00f6stigungen statt. Professor Dr. Joachim Schmitt aus dem &hellip;<\/p>\n<\/div>","protected":false},"author":1,"featured_media":0,"comment_status":"closed","ping_status":"closed","sticky":false,"template":"","format":"standard","meta":{"footnotes":""},"categories":[1,48],"tags":[],"class_list":["post-119413","post","type-post","status-publish","format-standard","hentry","category-startseite","category-forschung"],"_links":{"self":[{"href":"https:\/\/www.fuldaernachrichten.de\/index.php?rest_route=\/wp\/v2\/posts\/119413","targetHints":{"allow":["GET"]}}],"collection":[{"href":"https:\/\/www.fuldaernachrichten.de\/index.php?rest_route=\/wp\/v2\/posts"}],"about":[{"href":"https:\/\/www.fuldaernachrichten.de\/index.php?rest_route=\/wp\/v2\/types\/post"}],"author":[{"embeddable":true,"href":"https:\/\/www.fuldaernachrichten.de\/index.php?rest_route=\/wp\/v2\/users\/1"}],"replies":[{"embeddable":true,"href":"https:\/\/www.fuldaernachrichten.de\/index.php?rest_route=%2Fwp%2Fv2%2Fcomments&post=119413"}],"version-history":[{"count":1,"href":"https:\/\/www.fuldaernachrichten.de\/index.php?rest_route=\/wp\/v2\/posts\/119413\/revisions"}],"predecessor-version":[{"id":119415,"href":"https:\/\/www.fuldaernachrichten.de\/index.php?rest_route=\/wp\/v2\/posts\/119413\/revisions\/119415"}],"wp:attachment":[{"href":"https:\/\/www.fuldaernachrichten.de\/index.php?rest_route=%2Fwp%2Fv2%2Fmedia&parent=119413"}],"wp:term":[{"taxonomy":"category","embeddable":true,"href":"https:\/\/www.fuldaernachrichten.de\/index.php?rest_route=%2Fwp%2Fv2%2Fcategories&post=119413"},{"taxonomy":"post_tag","embeddable":true,"href":"https:\/\/www.fuldaernachrichten.de\/index.php?rest_route=%2Fwp%2Fv2%2Ftags&post=119413"}],"curies":[{"name":"wp","href":"https:\/\/api.w.org\/{rel}","templated":true}]}}