{"id":119347,"date":"2014-02-04T00:08:15","date_gmt":"2014-02-04T00:08:15","guid":{"rendered":"http:\/\/www.fuldaer-nachrichten.de\/?p=119347"},"modified":"2014-02-03T16:32:25","modified_gmt":"2014-02-03T16:32:25","slug":"kleine-kunstausstellung-beendete-projekt-von-carisma-und-hochschule","status":"publish","type":"post","link":"https:\/\/www.fuldaernachrichten.de\/?p=119347","title":{"rendered":"Kleine Kunstausstellung beendete Projekt von Carisma und Hochschule"},"content":{"rendered":"<p><a href=\"http:\/\/www.fuldaer-nachrichten.de\/wp-content\/uploads\/2014\/02\/zu-08-cs_Carisma_Upcycling_Projekt_0114_IMG_2820.jpg\"><img fetchpriority=\"high\" decoding=\"async\" class=\"alignnone size-full wp-image-119348\" alt=\"zu 08-cs_Carisma_Upcycling_Projekt_0114_IMG_2820\" src=\"http:\/\/www.fuldaer-nachrichten.de\/wp-content\/uploads\/2014\/02\/zu-08-cs_Carisma_Upcycling_Projekt_0114_IMG_2820.jpg\" width=\"560\" height=\"359\" \/><\/a><\/p>\n<p><b>Fulda (cif). <\/b>\u201eFast schon eine kleine Tradition\u201c nannte Einrichtungsleiter Stefan Schwobe von den Carisma-Werkst\u00e4tten f\u00fcr psychisch kranke Menschen anl\u00e4sslich der Zusammenkunft zum Projektabschlusses die Kooperation der Carisma mit der Hochschule Fulda: Im Wintersemester hatte unter der \u00dcberschrift \u201eAus M\u00fcll wird Kunst\u201c eine Studentengruppe des Fachbereichs Sozialwesen der Hochschule Fulda mit Werkstattmitarbeitern der Caritas-Einrichtung in Fulda-Maberzell durch kreatives Upcycling Kunstwerke aus Werkstattabf\u00e4llen gefertigt.<!--more--><\/p>\n<p>Im Rahmen der kleinen Abschlussfeierstunde wurde das Projekt nochmals von Prof. Dr. Anne L\u00fctzenkirchen und Sozialp\u00e4dagogin Gabriele Moll aus dem Carisma-Team vorgestellt. Auch wurden Sinn und Nutzen des Upcyclings erl\u00e4utert, bei dem Abf\u00e4lle durch \u00dcberf\u00fchrung in einen neue Funktion anders als beim Recycling ihren Wert beibehalten oder wom\u00f6glich sogar steigern. Anschlie\u00dfend pr\u00e4sentierten die Arbeitsgruppen ihre Kunstwerke, die im Rahmen der Zusammenk\u00fcnfte w\u00e4hrend der Projektphase entstanden waren: ein Jahreszeitenkalender in Form einer drehbaren S\u00e4ule, ein Leuchtturmmodell, ein menschengro\u00dfer Weihnachtsengel oder auch eine Kollage zum Caritas-Thema \u201eDer Mensch im Mittelpunkt\u201c. Verarbeitet wurden Papier, Pappe, Plastik- und Holzabf\u00e4lle, aber auch Metallreste und Naturstoffe wie zum Beispiel Muschelschalen und gepresstes Herbstlaub.<\/p>\n<p>Die Kooperation der beiden Institutionen erm\u00f6glicht es den Studenten, ihre sozialp\u00e4dagogischen Studien durch praktische Eins\u00e4tze zu erg\u00e4nzen, denn \u2013 so Prof. L\u00fctzenkirchen \u2013 \u201eeinerseits muss man die Gruppe anleiten und zu kreativen Prozessen f\u00fchren, andererseits muss man sich zur\u00fccknehmen, wenn es l\u00e4uft. Denn die Gruppe soll bestimmen, wie das k\u00fcnstlerische Ergebnis am Ende aussieht, und nicht der Sozialp\u00e4dagoge!\u201c \u201eUnsere Werkstatt-Mitarbeiter sind gerne mit dabei, wenn die Hochschulstudenten kommen\u201c, unterstrich Gabriele Moll, \u201edenn die Zusammenarbeit ist eine Br\u00fccke aus dem gesch\u00fctzten Bereich der Werkstatt hinaus in die \u00e2\u20ac\u0161normale\u00e2\u20ac\u02dc Welt. Das ist vielen Betreuten wichtig, sich da zu erproben.\u201c<\/p>\n<p>Die Kunstgegenst\u00e4nde sollen in den Werkst\u00e4tten als Exponate ihren festen Platz finden. Upcycling wird Thema bei Carisma bleiben. \u201eWir experimentieren auch in der Werkstatt damit, Materialreste und Abf\u00e4lle sinnvoll zu hochwertigen Produkten zu verarbeiten\u201c, erl\u00e4uterte Einrichtungsleiter Schwobe. \u201eEs gibt schon ein paar Ans\u00e4tze wie zum Beispiel die Verarbeitung von alten Gro\u00dfplakaten vergangener Caritas-Kampagnen zu Taschen und Futteralen, aber auf diesem Gebiet wollen wir unbedingt noch weitere Ideen entwickeln.\u201c<\/p>\n","protected":false},"excerpt":{"rendered":"<div class=\"tmnf_excerpt\"><p>Fulda (cif). \u201eFast schon eine kleine Tradition\u201c nannte Einrichtungsleiter Stefan Schwobe von den Carisma-Werkst\u00e4tten f\u00fcr psychisch kranke Menschen anl\u00e4sslich der Zusammenkunft zum Projektabschlusses die Kooperation der Carisma mit der Hochschule Fulda: Im Wintersemester hatte unter der \u00dcberschrift \u201eAus M\u00fcll wird Kunst\u201c eine Studentengruppe des Fachbereichs Sozialwesen der Hochschule Fulda mit Werkstattmitarbeitern der Caritas-Einrichtung in Fulda-Maberzell &hellip;<\/p>\n<\/div>","protected":false},"author":1,"featured_media":0,"comment_status":"closed","ping_status":"closed","sticky":false,"template":"","format":"standard","meta":{"footnotes":""},"categories":[1,78,48],"tags":[],"class_list":["post-119347","post","type-post","status-publish","format-standard","hentry","category-startseite","category-topthema","category-forschung"],"_links":{"self":[{"href":"https:\/\/www.fuldaernachrichten.de\/index.php?rest_route=\/wp\/v2\/posts\/119347","targetHints":{"allow":["GET"]}}],"collection":[{"href":"https:\/\/www.fuldaernachrichten.de\/index.php?rest_route=\/wp\/v2\/posts"}],"about":[{"href":"https:\/\/www.fuldaernachrichten.de\/index.php?rest_route=\/wp\/v2\/types\/post"}],"author":[{"embeddable":true,"href":"https:\/\/www.fuldaernachrichten.de\/index.php?rest_route=\/wp\/v2\/users\/1"}],"replies":[{"embeddable":true,"href":"https:\/\/www.fuldaernachrichten.de\/index.php?rest_route=%2Fwp%2Fv2%2Fcomments&post=119347"}],"version-history":[{"count":2,"href":"https:\/\/www.fuldaernachrichten.de\/index.php?rest_route=\/wp\/v2\/posts\/119347\/revisions"}],"predecessor-version":[{"id":119383,"href":"https:\/\/www.fuldaernachrichten.de\/index.php?rest_route=\/wp\/v2\/posts\/119347\/revisions\/119383"}],"wp:attachment":[{"href":"https:\/\/www.fuldaernachrichten.de\/index.php?rest_route=%2Fwp%2Fv2%2Fmedia&parent=119347"}],"wp:term":[{"taxonomy":"category","embeddable":true,"href":"https:\/\/www.fuldaernachrichten.de\/index.php?rest_route=%2Fwp%2Fv2%2Fcategories&post=119347"},{"taxonomy":"post_tag","embeddable":true,"href":"https:\/\/www.fuldaernachrichten.de\/index.php?rest_route=%2Fwp%2Fv2%2Ftags&post=119347"}],"curies":[{"name":"wp","href":"https:\/\/api.w.org\/{rel}","templated":true}]}}