{"id":119290,"date":"2014-02-03T00:09:04","date_gmt":"2014-02-03T00:09:04","guid":{"rendered":"http:\/\/www.fuldaer-nachrichten.de\/?p=119290"},"modified":"2014-02-03T07:25:51","modified_gmt":"2014-02-03T07:25:51","slug":"optimistische-unternehmen-konjunkturbericht-ihk-fulda","status":"publish","type":"post","link":"https:\/\/www.fuldaernachrichten.de\/?p=119290","title":{"rendered":"Optimistische Unternehmen -Konjunkturbericht IHK Fulda"},"content":{"rendered":"<p><a href=\"http:\/\/www.fuldaer-nachrichten.de\/wp-content\/uploads\/2014\/02\/140203_Index.jpg\"><img fetchpriority=\"high\" decoding=\"async\" class=\"alignnone size-full wp-image-119291\" alt=\"140203_Index\" src=\"http:\/\/www.fuldaer-nachrichten.de\/wp-content\/uploads\/2014\/02\/140203_Index.jpg\" width=\"560\" height=\"312\" \/><\/a><\/p>\n<p>Fulda. Mit frischem Schwung starten die Unternehmen in der Region Fulda in das neue Jahr 2014. Nach der aktuellen Konjunkturumfrage der IHK Fulda bezeichnen \u00fcber 40 Prozent der Unternehmen ihre derzeitige Gesch\u00e4ftslage als gut, das sind rund 10 Prozentpunkte mehr als in der Herbstumfrage des vergangenen Jahres. Von einer befriedigenden Gesch\u00e4ftslage sprechen \u00fcber 50 Prozent. Nochmals reduziert hat sich mit 4,6 Prozent die Anzahl der Unternehmen, die derzeit eine schlechte Gesch\u00e4ftslage haben.<!--more--><\/p>\n<p>Dieser Optimismus setzt sich auch in den kommenden Monaten fort. \u00dcber ein Drittel der Unternehmen geht von einer eher noch g\u00fcnstigeren Entwicklung aus, 50 Prozent erwarten keine Ver\u00e4nderung und lediglich 15 Prozent eine ung\u00fcnstigere Lage.<\/p>\n<p>Der Konjunkturklimaindex im IHK Bezirk Fulda, der sich aus den Einsch\u00e4tzungen der derzeitigen wie auch der zuk\u00fcnftigen Gesch\u00e4ftslage zusammensetzt, hat sich deshalb von 122,4 Punkten (Oktober 2013) auf nun 128,9 Punkte erh\u00f6ht. \u201eDiese positive Grundstimmung ist ein guter Auftakt f\u00fcr das Jahr 2014\u201c, kommentiert Stefan Schunck, Hauptgesch\u00e4ftsf\u00fchrer der IHK, die aktuelle Auswertung.<\/p>\n<p>Die Einsch\u00e4tzung wird von allen Wirtschaftszweigen getragen. Bei den <b>Industriebetrieben<\/b> sprechen sogar \u00fcber 46 Prozent von einer guten und 53 Prozent von einer befriedigenden Gesch\u00e4ftslage. Die Zahl der Unternehmen, die aktuell wirtschaftlichen Grund zum Klagen haben, ist nochmals zur\u00fcckgegangen. Und auch die Erwartungen bleiben weiter deutlich positiv.<\/p>\n<p>Die Situation bei den <b>Handelsbetrieben<\/b> ist nach wie vor stabil. Zwar hat hier der Anteil der Unternehmen mit einer derzeit schlechten Gesch\u00e4ftslage mit 8 Prozent gegen\u00fcber den Oktober-Daten zugenommen, gleichzeitig ist mit 40 Prozent auch die Anzahl der Betriebe gestiegen, die eine gute Gesch\u00e4ftslage verzeichnen k\u00f6nnen. 36 Prozent der Handelsbetriebe erwarten in der n\u00e4chsten Zeit eine weitere Besserung der Gesch\u00e4ftslage, 48 Prozent gehen von einer etwa gleich bleibenden und 16 Prozent von einer ung\u00fcnstigeren Entwicklung in den kommenden Monaten aus. Im Vergleich zur Oktoberumfrage haben sich damit die Erwartungen der Handelsunternehmen zu Beginn des neuen Jahres leicht eingetr\u00fcbt.<\/p>\n<p>In der <b>Dienstleistungsbranche<\/b> wird die aktuelle Lage Anfang 2014 deutlich besser eingesch\u00e4tzt als in den vergangenen Umfragen. Nur rund 3 Prozent der Dienstleistungsbetriebe sprechen von einer aktuell schlechten Situation, knapp 55 Prozent hingegen berichten von einer befriedigenden und \u00fcber 40 Prozent von einer guten Gesch\u00e4ftslage. Auch in die Zukunft blicken diese Unternehmen sehr optimistisch; lediglich 12,9 Prozent sind bei der Einsch\u00e4tzung der kommenden Monate zur\u00fcckhaltender.<\/p>\n<p>Die Investitionsabsichten der Unternehmen im IHK-Bezirk sind aufgrund der guten Auslastung weiter nach oben gerichtet. Rund ein F\u00fcnftel der Unternehmen plant zunehmende Investitionen (Oktober 2013: 33,6 Prozent) und \u00fcber 60 Prozent gehen von etwa gleich bleibenden Investitionen wie in den vergangenen Monaten aus. Eine R\u00fccknahme ihrer Investitionsabsichten beabsichtigen lediglich 15 Prozent (Oktober 2013: 20 Prozent).<\/p>\n<p>Gute Vorzeichen auch f\u00fcr den Arbeitsmarkt: 23 Prozent der Unternehmen wollen ihre Besch\u00e4ftigtenzahl steigern, 64 Prozent gleich halten und lediglich 12 Prozent gehen von einer Reduktion aus.<\/p>\n<p>Befragt nach den Risiken f\u00fcr die weitere Entwicklung werden von den Betrieben an erster Stelle die unsichere Entwicklung der Energiepreise, die Inlandsnachfrage und der Fachkr\u00e4ftemangel als Risikofaktoren genannt.<\/p>\n<p>\u201eDie Konjunkturumfrage belegt, dass die Unternehmen schwungvoll ins neue Jahr gestartet sind und die kommenden Monate mit gro\u00dfer Zuversicht angehen. Dieser Schwung darf aber nicht durch weitere Kostensteigerungen im Rahmen der Energiewende gebremst werden\u201c, betonte Stefan Schunck f\u00fcr die IHK Fulda.<\/p>\n","protected":false},"excerpt":{"rendered":"<div class=\"tmnf_excerpt\"><p>Fulda. Mit frischem Schwung starten die Unternehmen in der Region Fulda in das neue Jahr 2014. Nach der aktuellen Konjunkturumfrage der IHK Fulda bezeichnen \u00fcber 40 Prozent der Unternehmen ihre derzeitige Gesch\u00e4ftslage als gut, das sind rund 10 Prozentpunkte mehr als in der Herbstumfrage des vergangenen Jahres. Von einer befriedigenden Gesch\u00e4ftslage sprechen \u00fcber 50 Prozent. &hellip;<\/p>\n<\/div>","protected":false},"author":1,"featured_media":0,"comment_status":"closed","ping_status":"closed","sticky":false,"template":"","format":"standard","meta":{"footnotes":""},"categories":[1,29,78],"tags":[],"class_list":["post-119290","post","type-post","status-publish","format-standard","hentry","category-startseite","category-politik","category-topthema"],"_links":{"self":[{"href":"https:\/\/www.fuldaernachrichten.de\/index.php?rest_route=\/wp\/v2\/posts\/119290","targetHints":{"allow":["GET"]}}],"collection":[{"href":"https:\/\/www.fuldaernachrichten.de\/index.php?rest_route=\/wp\/v2\/posts"}],"about":[{"href":"https:\/\/www.fuldaernachrichten.de\/index.php?rest_route=\/wp\/v2\/types\/post"}],"author":[{"embeddable":true,"href":"https:\/\/www.fuldaernachrichten.de\/index.php?rest_route=\/wp\/v2\/users\/1"}],"replies":[{"embeddable":true,"href":"https:\/\/www.fuldaernachrichten.de\/index.php?rest_route=%2Fwp%2Fv2%2Fcomments&post=119290"}],"version-history":[{"count":1,"href":"https:\/\/www.fuldaernachrichten.de\/index.php?rest_route=\/wp\/v2\/posts\/119290\/revisions"}],"predecessor-version":[{"id":119292,"href":"https:\/\/www.fuldaernachrichten.de\/index.php?rest_route=\/wp\/v2\/posts\/119290\/revisions\/119292"}],"wp:attachment":[{"href":"https:\/\/www.fuldaernachrichten.de\/index.php?rest_route=%2Fwp%2Fv2%2Fmedia&parent=119290"}],"wp:term":[{"taxonomy":"category","embeddable":true,"href":"https:\/\/www.fuldaernachrichten.de\/index.php?rest_route=%2Fwp%2Fv2%2Fcategories&post=119290"},{"taxonomy":"post_tag","embeddable":true,"href":"https:\/\/www.fuldaernachrichten.de\/index.php?rest_route=%2Fwp%2Fv2%2Ftags&post=119290"}],"curies":[{"name":"wp","href":"https:\/\/api.w.org\/{rel}","templated":true}]}}