{"id":119211,"date":"2014-01-31T00:14:45","date_gmt":"2014-01-31T00:14:45","guid":{"rendered":"http:\/\/www.fuldaer-nachrichten.de\/?p=119211"},"modified":"2014-01-30T17:41:14","modified_gmt":"2014-01-30T17:41:14","slug":"mint-sozial-for-you-auf-zu-neuen-ideen-bei-der-berufswahl","status":"publish","type":"post","link":"https:\/\/www.fuldaernachrichten.de\/?p=119211","title":{"rendered":"MINT &#038; SOZIAL for you: Auf zu neuen Ideen bei der Berufswahl!"},"content":{"rendered":"<p>Das neue Magazin \u201eMINT &amp; SOZIAL for you\u201c von planet-beruf.de ist erschienen. Das Wendeheft eignet sich ideal zur Vorbereitung auf den Girls\u00e2\u20ac\u2122-Day und den Boys\u00e2\u20ac\u2122-Day am 27. M\u00e4rz 2014. MINT for you \u2013 Von wegen M\u00e4dchen k\u00f6nnen nur sozial! <!--more--><\/p>\n<p>F\u00f6n kaputt? Kein Problem f\u00fcr Jessica \u2013 sie hat gerade eine Ausbildung zur Elektronikerin f\u00fcr Ger\u00e4te und Systeme gemacht. Durch den Girls\u00e2\u20ac\u02dc Day ist sie auf ihren Beruf gekommen \u2013 und zeigt allen, dass M\u00e4dchen MINT (Mathematik, Informatik, Naturwissenschaften und Technik) k\u00f6nnen. Auch Ramona, die angehende Anlagenmechanikerin f\u00fcr Sanit\u00e4r-, Heizungs- und Klimatechnik ist technikbegeistert. Ihren Beruf kann sie anderen M\u00e4dchen nur empfehlen, auch wegen der Weiterbildungsm\u00f6glichkeiten. Neben Jessica und Ramona stellen in \u201eMINT for you\u201c noch andere weibliche Azubis ihre Berufe wie Feinwerkmechanikerin oder Fachkraft f\u00fcr Veranstaltungstechnik vor. Au\u00dferdem gibt\u00e2\u20ac\u2122s im Heft viele spannende Infos rund um MINT und den Girls\u00e2\u20ac\u02dc Day.<\/p>\n<p><strong>SOZIAL for you \u2013 Jungs mit Gef\u00fchl gefragt!<\/strong><br \/>\nSpielen, turnen, basteln \u2013 Moritz geht in seiner Rolle als Kinderpfleger richtig auf. In \u201eSOZIAL for you\u201c, dem Magazinteil f\u00fcr Jungen, finden Sch\u00fcler jede Menge Informationen \u00fcber diesen und andere soziale Berufe. Dabei kommt neben einem Heilerziehungspfleger, einem Haus- und Familienpfleger sowie einem Gesundheits- und Krankenpfleger z.B. auch Willi zu Wort. Er berichtet \u00fcber seine T\u00e4tigkeit als Erzieher. Willi hat sich trotz seines erfolgreichen Berufseinstiegs in der Industrie f\u00fcr einen Wechsel in den sozialp\u00e4dagogischen Bereich entschieden \u2013 und ist zufrieden mit seiner Entscheidung. Wer Interesse an sozialen Berufen hat, findet in diesem Magazinteil Hinweise zum Boys\u00e2\u20ac\u02dc Day sowie interessante Berichte und Reportagen zum Thema.<\/p>\n<p><strong>Das Wendeheft \u201eMINT &amp; SOZIAL for you\u201c\u00e2\u20ac\u00a6<\/strong><br \/>\n\u00e2\u20ac\u00a6ist Teil der Medienkombination \u201eplanet-beruf.de \u2013 Mein Start in die Ausbildung\u201c. Sie wird von der Bundesagentur f\u00fcr Arbeit herausgegeben. Einzelexemplare sind beim Berufsinformationszentrum (BiZ) der Agenturen f\u00fcr Arbeit erh\u00e4ltlich. Gegen Geb\u00fchr k\u00f6nnen die Hefte auch beim Bestellservice der Bundesagentur f\u00fcr Arbeit angefordert werden, telefonisch unter 0911\/ 12031015 oder per E-Mail an bestellung@ba-bestellservice.de.<\/p>\n","protected":false},"excerpt":{"rendered":"<div class=\"tmnf_excerpt\"><p>Das neue Magazin \u201eMINT &amp; SOZIAL for you\u201c von planet-beruf.de ist erschienen. Das Wendeheft eignet sich ideal zur Vorbereitung auf den Girls\u00e2\u20ac\u2122-Day und den Boys\u00e2\u20ac\u2122-Day am 27. M\u00e4rz 2014. MINT for you \u2013 Von wegen M\u00e4dchen k\u00f6nnen nur sozial!<\/p>\n<\/div>","protected":false},"author":1,"featured_media":0,"comment_status":"closed","ping_status":"closed","sticky":false,"template":"","format":"standard","meta":{"footnotes":""},"categories":[1,53],"tags":[],"class_list":["post-119211","post","type-post","status-publish","format-standard","hentry","category-startseite","category-bildung"],"_links":{"self":[{"href":"https:\/\/www.fuldaernachrichten.de\/index.php?rest_route=\/wp\/v2\/posts\/119211","targetHints":{"allow":["GET"]}}],"collection":[{"href":"https:\/\/www.fuldaernachrichten.de\/index.php?rest_route=\/wp\/v2\/posts"}],"about":[{"href":"https:\/\/www.fuldaernachrichten.de\/index.php?rest_route=\/wp\/v2\/types\/post"}],"author":[{"embeddable":true,"href":"https:\/\/www.fuldaernachrichten.de\/index.php?rest_route=\/wp\/v2\/users\/1"}],"replies":[{"embeddable":true,"href":"https:\/\/www.fuldaernachrichten.de\/index.php?rest_route=%2Fwp%2Fv2%2Fcomments&post=119211"}],"version-history":[{"count":1,"href":"https:\/\/www.fuldaernachrichten.de\/index.php?rest_route=\/wp\/v2\/posts\/119211\/revisions"}],"predecessor-version":[{"id":119212,"href":"https:\/\/www.fuldaernachrichten.de\/index.php?rest_route=\/wp\/v2\/posts\/119211\/revisions\/119212"}],"wp:attachment":[{"href":"https:\/\/www.fuldaernachrichten.de\/index.php?rest_route=%2Fwp%2Fv2%2Fmedia&parent=119211"}],"wp:term":[{"taxonomy":"category","embeddable":true,"href":"https:\/\/www.fuldaernachrichten.de\/index.php?rest_route=%2Fwp%2Fv2%2Fcategories&post=119211"},{"taxonomy":"post_tag","embeddable":true,"href":"https:\/\/www.fuldaernachrichten.de\/index.php?rest_route=%2Fwp%2Fv2%2Ftags&post=119211"}],"curies":[{"name":"wp","href":"https:\/\/api.w.org\/{rel}","templated":true}]}}