{"id":119190,"date":"2014-01-30T00:15:47","date_gmt":"2014-01-30T00:15:47","guid":{"rendered":"http:\/\/www.fuldaer-nachrichten.de\/?p=119190"},"modified":"2014-01-29T16:32:48","modified_gmt":"2014-01-29T16:32:48","slug":"neue-perspektiva-seminarreihe-fuer-jugendliche-mit-trainerin-ortrud-tornow","status":"publish","type":"post","link":"https:\/\/www.fuldaernachrichten.de\/?p=119190","title":{"rendered":"Neue Perspektiva-Seminarreihe f\u00fcr Jugendliche mit Trainerin Ortrud Tornow"},"content":{"rendered":"<div id=\"attachment_119191\" style=\"width: 275px\" class=\"wp-caption alignleft\"><a href=\"http:\/\/www.fuldaer-nachrichten.de\/wp-content\/uploads\/2014\/01\/Gruppenfoto.jpg\"><img decoding=\"async\" aria-describedby=\"caption-attachment-119191\" class=\"size-thumbnail wp-image-119191\" alt=\"Pr\u00e4sentieren ihre Ergebnisse zum Thema \u201eMotivation\u201c: Die Perspektiva-Jugendlichen mit Trainerin Ortrud Tornow (2. von rechts) sowie den Fachanleiterinnen Petra Bohl (rechts) und Schwester Anita (2. von links). \" src=\"http:\/\/www.fuldaer-nachrichten.de\/wp-content\/uploads\/2014\/01\/Gruppenfoto-265x166.jpg\" width=\"265\" height=\"166\" srcset=\"https:\/\/www.fuldaernachrichten.de\/wp-content\/uploads\/2014\/01\/Gruppenfoto-265x166.jpg 265w, https:\/\/www.fuldaernachrichten.de\/wp-content\/uploads\/2014\/01\/Gruppenfoto.jpg 600w\" sizes=\"(max-width: 265px) 100vw, 265px\" \/><\/a><p id=\"caption-attachment-119191\" class=\"wp-caption-text\">Pr\u00e4sentieren ihre Ergebnisse zum Thema \u201eMotivation\u201c: Die Perspektiva-Jugendlichen mit Trainerin Ortrud Tornow (2. von rechts) sowie den Fachanleiterinnen Petra Bohl (rechts) und Schwester Anita (2. von links).<\/p><\/div>\n<p>Fulda. Keine Frage: F\u00fcr einen erfolgreichen Start in den Beruf sind soziale Kompetenzen unerl\u00e4sslich. Um junge Menschen gezielt auf das Arbeitsleben vorzubereiten, hat das Team der gemeinn\u00fctzigen F\u00f6rdergemeinschaft Perspektiva die Seminarreihe \u201eSozial fit!\u201c ins Leben gerufen. In verschiedenen Kursen werden interessierten Jugendlichen wichtige Kompetenzen wie Eigenverantwortung, Teamf\u00e4higkeit und Konfliktbew\u00e4ltigung vermittelt. <!--more--><br \/>\nAls Seminarleiterin engagiert sich auch Ortrud Tornow, Erfolgstrainerin und Perspektiva-Gesellschafterin der ersten Stunde. In ihrer Veranstaltung zum Thema \u201eMotivation \u2013 eine starke Zugkraft\u201c gab die Unternehmerin acht Jugendlichen wertvolle Tipps, wie sie ihre pers\u00f6nlichen und beruflichen Ziele erreichen k\u00f6nnen. \u201eDas Wichtigste, was uns auszeichnet, ist unsere Pers\u00f6nlichkeit. Mit\u00c2\u00a0meinem Seminar m\u00f6chte ich dazu beitragen, dass junge Menschen die F\u00e4higkeiten, die in ihnen stecken, aus sich herausholen und auf diese Weise ihr Selbstbewusstsein st\u00e4rken.\u201c In praktischen \u00dcbungen wurde das Thema \u201eMotivation\u201c in verschiedenen Facetten beleuchtet. Unter anderem gestalteten die Jugendlichen individuelle Wandzeitungen, auf denen sie mit Bildern und Grafiken ihre Zukunftsw\u00fcnsche darstellten.<\/p>\n<p>Neben Ortrud Tornow wurden die Jugendlichen von Petra Bohl und Schwester Anita durch das Seminar gef\u00fchrt. Die beiden Perspektiva-Fachanleiterinnen haben die neu gewonnen Informationen in Team- und Einzelarbeiten vertieft. Am Ende der zweit\u00e4gigen Veranstaltung zogen die Teilnehmer eine positive Bilanz: \u201eFrau Tornow hat uns dazu angeregt, \u00fcber unsere Zukunftsw\u00fcnsche nachzudenken und hatte auch ein offenes Ohr f\u00fcr unsere Probleme. Das fand ich sehr gut\u201c, berichtet der 18-j\u00e4hrige Nico Glaser.<\/p>\n<p>Die Seminarreihe zum Thema \u201eMotivation\u201c wird im Mai fortgesetzt. Dar\u00fcber hinaus stehen weitere Veranstaltungen \u2013 etwa zum Thema Selbstwahrnehmung\u2013 auf dem Programm. Interessierte Jugendliche, die an einem Seminar teilnehmen m\u00f6chten, k\u00f6nnen sich telefonisch unter 0661\/95250627 oder per Mail unter <a href=\"mailto:xxx@perspektiva-fulda.de\">heike.kroenung @perspektiva-fulda.de<\/a> an Perspektiva-Mitarbeiterin Heike Kr\u00f6nung wenden. <a href=\"http:\/\/www.perspektiva-fulda.de\">www.perspektiva-fulda.de<\/a><\/p>\n","protected":false},"excerpt":{"rendered":"<div class=\"tmnf_excerpt\"><p>Fulda. Keine Frage: F\u00fcr einen erfolgreichen Start in den Beruf sind soziale Kompetenzen unerl\u00e4sslich. Um junge Menschen gezielt auf das Arbeitsleben vorzubereiten, hat das Team der gemeinn\u00fctzigen F\u00f6rdergemeinschaft Perspektiva die Seminarreihe \u201eSozial fit!\u201c ins Leben gerufen. In verschiedenen Kursen werden interessierten Jugendlichen wichtige Kompetenzen wie Eigenverantwortung, Teamf\u00e4higkeit und Konfliktbew\u00e4ltigung vermittelt.<\/p>\n<\/div>","protected":false},"author":1,"featured_media":0,"comment_status":"closed","ping_status":"closed","sticky":false,"template":"","format":"standard","meta":{"footnotes":""},"categories":[1,53],"tags":[],"class_list":["post-119190","post","type-post","status-publish","format-standard","hentry","category-startseite","category-bildung"],"_links":{"self":[{"href":"https:\/\/www.fuldaernachrichten.de\/index.php?rest_route=\/wp\/v2\/posts\/119190","targetHints":{"allow":["GET"]}}],"collection":[{"href":"https:\/\/www.fuldaernachrichten.de\/index.php?rest_route=\/wp\/v2\/posts"}],"about":[{"href":"https:\/\/www.fuldaernachrichten.de\/index.php?rest_route=\/wp\/v2\/types\/post"}],"author":[{"embeddable":true,"href":"https:\/\/www.fuldaernachrichten.de\/index.php?rest_route=\/wp\/v2\/users\/1"}],"replies":[{"embeddable":true,"href":"https:\/\/www.fuldaernachrichten.de\/index.php?rest_route=%2Fwp%2Fv2%2Fcomments&post=119190"}],"version-history":[{"count":2,"href":"https:\/\/www.fuldaernachrichten.de\/index.php?rest_route=\/wp\/v2\/posts\/119190\/revisions"}],"predecessor-version":[{"id":119193,"href":"https:\/\/www.fuldaernachrichten.de\/index.php?rest_route=\/wp\/v2\/posts\/119190\/revisions\/119193"}],"wp:attachment":[{"href":"https:\/\/www.fuldaernachrichten.de\/index.php?rest_route=%2Fwp%2Fv2%2Fmedia&parent=119190"}],"wp:term":[{"taxonomy":"category","embeddable":true,"href":"https:\/\/www.fuldaernachrichten.de\/index.php?rest_route=%2Fwp%2Fv2%2Fcategories&post=119190"},{"taxonomy":"post_tag","embeddable":true,"href":"https:\/\/www.fuldaernachrichten.de\/index.php?rest_route=%2Fwp%2Fv2%2Ftags&post=119190"}],"curies":[{"name":"wp","href":"https:\/\/api.w.org\/{rel}","templated":true}]}}