{"id":119186,"date":"2014-01-30T00:14:49","date_gmt":"2014-01-30T00:14:49","guid":{"rendered":"http:\/\/www.fuldaer-nachrichten.de\/?p=119186"},"modified":"2014-01-29T16:29:31","modified_gmt":"2014-01-29T16:29:31","slug":"der-ba-x-im-januar-leichte-belebung-auf-dem-stellenmarkt","status":"publish","type":"post","link":"https:\/\/www.fuldaernachrichten.de\/?p=119186","title":{"rendered":"Der BA-X im Januar: Leichte Belebung auf dem Stellenmarkt"},"content":{"rendered":"<p>Hessen. Der Stellenindex der Bundesagentur f\u00fcr Arbeit (BA-X) in Hessen beginnt das Jahr 2014 mit einem leichten Anstieg. Mit 146 Punkten liegt der BA-X drei Punkte \u00fcber dem Dezemberwert. Der aktuelle Stellenindex holt somit langsam auf und liegt damit zwei Punkte \u00fcber dem Vorjahreswert (Januar 2013: 144 Punkte; Januar 2012: 178 Punkte; Januar 2011: 165 Punkte). Den niedrigsten Wert in einem Januar erreichte der BA-X 2010 mit 124 Punkten. Der h\u00f6chste Januarwert wurde mit 178 Punkten im Jahr 2012 erreicht.<!--more--><\/p>\n<p>\u201eNach monatelangem Stillstand scheint der Stellenmarkt wieder langsam in Bewegung zu kommen. F\u00fcr die Wintermonate Dezember und Januar ist ein Anstieg eher un\u00fcblich und l\u00e4sst darauf hoffen, dass diese Aufw\u00e4rtsentwicklung sich in den n\u00e4chsten Monaten fortsetzen l\u00e4sst. Wie sich dieser Trend letztendlich bei der Entwicklung der Arbeitslosenzahlen niederschl\u00e4gt, l\u00e4sst sich erst in den n\u00e4chsten Monaten beurteilen\u201c, so Dr. Frank Martin, Leiter der Regionaldirektion Hessen.<\/p>\n<p>Hintergrundinformation<\/p>\n<p>Der Stellenindex der Bundesagentur f\u00fcr Arbeit, BA-X, bildet die Entwicklung der Arbeitskr\u00e4ftenachfrage am ersten Arbeitsmarkt ab. Die Basis f\u00fcr den BA-Stellenindex bilden die der Bundesagentur f\u00fcr Arbeit (BA) gemeldeten ungef\u00f6rderten Arbeitsstellen, sowie die bei der BA gemeldeten Stellen f\u00fcr Freiberufler, Selbst\u00e4ndige und aus der Privaten Arbeitsvermittlung. Zur Berechnung des Index wird das Gesamtaggregat der Stellen des ersten Arbeitsmarktes saisonbereinigt.<\/p>\n","protected":false},"excerpt":{"rendered":"<div class=\"tmnf_excerpt\"><p>Hessen. Der Stellenindex der Bundesagentur f\u00fcr Arbeit (BA-X) in Hessen beginnt das Jahr 2014 mit einem leichten Anstieg. Mit 146 Punkten liegt der BA-X drei Punkte \u00fcber dem Dezemberwert. Der aktuelle Stellenindex holt somit langsam auf und liegt damit zwei Punkte \u00fcber dem Vorjahreswert (Januar 2013: 144 Punkte; Januar 2012: 178 Punkte; Januar 2011: 165 &hellip;<\/p>\n<\/div>","protected":false},"author":1,"featured_media":0,"comment_status":"closed","ping_status":"closed","sticky":false,"template":"","format":"standard","meta":{"footnotes":""},"categories":[1,53],"tags":[],"class_list":["post-119186","post","type-post","status-publish","format-standard","hentry","category-startseite","category-bildung"],"_links":{"self":[{"href":"https:\/\/www.fuldaernachrichten.de\/index.php?rest_route=\/wp\/v2\/posts\/119186","targetHints":{"allow":["GET"]}}],"collection":[{"href":"https:\/\/www.fuldaernachrichten.de\/index.php?rest_route=\/wp\/v2\/posts"}],"about":[{"href":"https:\/\/www.fuldaernachrichten.de\/index.php?rest_route=\/wp\/v2\/types\/post"}],"author":[{"embeddable":true,"href":"https:\/\/www.fuldaernachrichten.de\/index.php?rest_route=\/wp\/v2\/users\/1"}],"replies":[{"embeddable":true,"href":"https:\/\/www.fuldaernachrichten.de\/index.php?rest_route=%2Fwp%2Fv2%2Fcomments&post=119186"}],"version-history":[{"count":1,"href":"https:\/\/www.fuldaernachrichten.de\/index.php?rest_route=\/wp\/v2\/posts\/119186\/revisions"}],"predecessor-version":[{"id":119187,"href":"https:\/\/www.fuldaernachrichten.de\/index.php?rest_route=\/wp\/v2\/posts\/119186\/revisions\/119187"}],"wp:attachment":[{"href":"https:\/\/www.fuldaernachrichten.de\/index.php?rest_route=%2Fwp%2Fv2%2Fmedia&parent=119186"}],"wp:term":[{"taxonomy":"category","embeddable":true,"href":"https:\/\/www.fuldaernachrichten.de\/index.php?rest_route=%2Fwp%2Fv2%2Fcategories&post=119186"},{"taxonomy":"post_tag","embeddable":true,"href":"https:\/\/www.fuldaernachrichten.de\/index.php?rest_route=%2Fwp%2Fv2%2Ftags&post=119186"}],"curies":[{"name":"wp","href":"https:\/\/api.w.org\/{rel}","templated":true}]}}