{"id":119155,"date":"2014-01-30T00:12:27","date_gmt":"2014-01-30T00:12:27","guid":{"rendered":"http:\/\/www.fuldaer-nachrichten.de\/?p=119155"},"modified":"2014-01-29T16:11:24","modified_gmt":"2014-01-29T16:11:24","slug":"ein-theologe-der-stets-klare-kante-zeigt-pfarrer-wolfgang-schmidt-nohl-in-ruhestand-verabschiedet","status":"publish","type":"post","link":"https:\/\/www.fuldaernachrichten.de\/?p=119155","title":{"rendered":"\u201eEin Theologe, der stets klare Kante zeigt\u201c &#8211; Pfarrer Wolfgang Schmidt-Nohl in Ruhestand verabschiedet"},"content":{"rendered":"<p>Fulda. Dekan Bengt Seeberg w\u00fcrdigte Pfarrer Wolfgang Schmidt-Nohl in seiner Verabschiedung nach 36 Dienstjahren als einen, der \u201estets klare Kante zeigt\u201c und bei dem man immer wusste, woran man war. Sein ganzes Leben sei vom Wort Gottes bestimmt und motiviert. Der Theologe Karl Barth pr\u00e4ge sein Denken.<!--more--><\/p>\n<p>In der Bonhoeffergemeinde wurde der Pfarrer, der zuletzt eine landeskirchliche Pfarrstelle in der Gesamtgemeinde Fulda zur Gemeindeentwicklung innehatte, jetzt verabschiedet. Seit seiner Ordination 1978 hat Pfarrer Schmidt-Nohl verschiedene Stellen innegehabt: So war er in seinen Anfangsjahren als Schulpfarrer in Marburg t\u00e4tig, \u00fcbernahm in den 1980er Jahren seine erste Gemeindepfarrstelle in Rauschenberg, wechselte f\u00fcr l\u00e4ngere Zeit von 1984 bis 2002 nach Gersfeld. Seit 2002 hatte Schmidt-Nohl eine landeskirchliche Pfarrstelle inne mit den besonderen Aufgaben der Aussiedlerseelsorge, der Polizei- und Notfallseelsorge.<\/p>\n<p>In seiner Abschieds-Predigt legte Wolfgang Schmidt-Nohl die beiden Tageslosungen (Exodus 19,4 und Philipper 1,6) aus und stellte diese in den Zusammenhang von Taufe und paulinischer Missions- und Rechtfertigungstheologie. Dabei wurde den aufmerksamen Gottesdienstbesuchern erneut die theologische Sch\u00e4rfe Schmidt-Nohls vor Augen gef\u00fchrt.<\/p>\n<p>Im an den Gottesdienst anschlie\u00dfenden Empfang w\u00fcrdigten u.a. Landespolizeipfarrer Kurt Gr\u00fctzner, der leitende Polizeidirektor G\u00fcnther Vo\u00df, Stadtrat Wolfgang Arnold und Pfarrer Fried-Wilhelm Kohl f\u00fcr die Pfarrerschaft der Gesamtgemeinde Fulda den Theologen.<\/p>\n<p>Im abschlie\u00dfenden Dank lie\u00df es sich Pfarrer Schmidt-Nohl nicht nehmen, sich gewohnt klug und mit einem Augenzwinkern und Lachen zu verabschieden: \u201eIch wusste ja gar nicht, dass ich so ein gro\u00dfartiger Pfarrer bin!\u201c<\/p>\n","protected":false},"excerpt":{"rendered":"<div class=\"tmnf_excerpt\"><p>Fulda. Dekan Bengt Seeberg w\u00fcrdigte Pfarrer Wolfgang Schmidt-Nohl in seiner Verabschiedung nach 36 Dienstjahren als einen, der \u201estets klare Kante zeigt\u201c und bei dem man immer wusste, woran man war. Sein ganzes Leben sei vom Wort Gottes bestimmt und motiviert. Der Theologe Karl Barth pr\u00e4ge sein Denken.<\/p>\n<\/div>","protected":false},"author":1,"featured_media":0,"comment_status":"closed","ping_status":"closed","sticky":false,"template":"","format":"standard","meta":{"footnotes":""},"categories":[1,50],"tags":[],"class_list":["post-119155","post","type-post","status-publish","format-standard","hentry","category-startseite","category-kirche"],"_links":{"self":[{"href":"https:\/\/www.fuldaernachrichten.de\/index.php?rest_route=\/wp\/v2\/posts\/119155","targetHints":{"allow":["GET"]}}],"collection":[{"href":"https:\/\/www.fuldaernachrichten.de\/index.php?rest_route=\/wp\/v2\/posts"}],"about":[{"href":"https:\/\/www.fuldaernachrichten.de\/index.php?rest_route=\/wp\/v2\/types\/post"}],"author":[{"embeddable":true,"href":"https:\/\/www.fuldaernachrichten.de\/index.php?rest_route=\/wp\/v2\/users\/1"}],"replies":[{"embeddable":true,"href":"https:\/\/www.fuldaernachrichten.de\/index.php?rest_route=%2Fwp%2Fv2%2Fcomments&post=119155"}],"version-history":[{"count":1,"href":"https:\/\/www.fuldaernachrichten.de\/index.php?rest_route=\/wp\/v2\/posts\/119155\/revisions"}],"predecessor-version":[{"id":119156,"href":"https:\/\/www.fuldaernachrichten.de\/index.php?rest_route=\/wp\/v2\/posts\/119155\/revisions\/119156"}],"wp:attachment":[{"href":"https:\/\/www.fuldaernachrichten.de\/index.php?rest_route=%2Fwp%2Fv2%2Fmedia&parent=119155"}],"wp:term":[{"taxonomy":"category","embeddable":true,"href":"https:\/\/www.fuldaernachrichten.de\/index.php?rest_route=%2Fwp%2Fv2%2Fcategories&post=119155"},{"taxonomy":"post_tag","embeddable":true,"href":"https:\/\/www.fuldaernachrichten.de\/index.php?rest_route=%2Fwp%2Fv2%2Ftags&post=119155"}],"curies":[{"name":"wp","href":"https:\/\/api.w.org\/{rel}","templated":true}]}}