{"id":119151,"date":"2014-01-29T00:12:47","date_gmt":"2014-01-29T00:12:47","guid":{"rendered":"http:\/\/www.fuldaer-nachrichten.de\/?p=119151"},"modified":"2014-01-28T18:59:35","modified_gmt":"2014-01-28T18:59:35","slug":"5-richtige-bei-der-arbeitsagentur-einheitliche-postleitzahl-ermoeglicht-schnellere-bearbeitung","status":"publish","type":"post","link":"https:\/\/www.fuldaernachrichten.de\/?p=119151","title":{"rendered":"\u201e5 Richtige\u201c bei der Arbeitsagentur &#8211; Einheitliche Postleitzahl erm\u00f6glicht schnellere Bearbeitung"},"content":{"rendered":"<p>Bad Hersfeld-Fulda. Schneller, einfacher und moderner ist der Postverkehr f\u00fcr Kundinnen und Kunden der Arbeitsagentur Bad Hersfeld-Fulda mit der neuen Postleitzahl geworden. Egal, um welches Schriftst\u00fcck es sich handelt oder ob es f\u00fcr die Agentur f\u00fcr Arbeit in Fulda, in Bad Hersfeld oder in Bebra bestimmt ist: Die Anschrift lautet immer Agentur f\u00fcr Arbeit Bad Hersfeld-Fulda, 36028 Fulda.<!--more--><\/p>\n<p>Vorbei die Zeiten komplizierter Stra\u00dfennamen oder unterschiedlicher Adressen. Wer die neue Postleitzahl nutzt, hat den Vorteil, dass seine Post an die Arbeitsagentur schneller ankommt. Denn: Die an diese Postleitzahl adressierten Briefe gehen direkt an ein zentrales Scanzentrum, werden dort datenschutzkonform digitalisiert und per Datenleitung sofort an die zust\u00e4ndigen Bereiche der Arbeitsagentur \u00fcbermittelt.<\/p>\n<p>Die Vorteile liegen auf der Hand: Der Brief erreicht den zust\u00e4ndigen Sachbearbeiter bzw. die zust\u00e4ndige Sachbearbeiterin schneller und wird mit der richtigen elektronischen Akte verkn\u00fcpft. Die Unterlagen sind direkt am Arbeitsplatz pr\u00e4sent und mit der Bearbeitung kann sofort begonnen werden. Ausk\u00fcnfte k\u00f6nnen ortsunabh\u00e4ngig und unmittelbar erteilt werden.<\/p>\n<p>Die von der Bundesagentur f\u00fcr Arbeit eingef\u00fchrte \u201eelektronische Akte\u201c macht es m\u00f6glich. Mit dem Einsatz effektiv gesteuerter Poststr\u00f6me, moderner Informationstechnologie und vereinfachter Gesch\u00e4ftsprozesse hat die Bundesagentur f\u00fcr Arbeit im Sinne ihrer Kundinnen und Kunden eine Vorreiterrolle innerhalb der Bundesverwaltung eingenommen.<\/p>\n","protected":false},"excerpt":{"rendered":"<div class=\"tmnf_excerpt\"><p>Bad Hersfeld-Fulda. Schneller, einfacher und moderner ist der Postverkehr f\u00fcr Kundinnen und Kunden der Arbeitsagentur Bad Hersfeld-Fulda mit der neuen Postleitzahl geworden. Egal, um welches Schriftst\u00fcck es sich handelt oder ob es f\u00fcr die Agentur f\u00fcr Arbeit in Fulda, in Bad Hersfeld oder in Bebra bestimmt ist: Die Anschrift lautet immer Agentur f\u00fcr Arbeit Bad &hellip;<\/p>\n<\/div>","protected":false},"author":1,"featured_media":0,"comment_status":"closed","ping_status":"closed","sticky":false,"template":"","format":"standard","meta":{"footnotes":""},"categories":[1,53],"tags":[],"class_list":["post-119151","post","type-post","status-publish","format-standard","hentry","category-startseite","category-bildung"],"_links":{"self":[{"href":"https:\/\/www.fuldaernachrichten.de\/index.php?rest_route=\/wp\/v2\/posts\/119151","targetHints":{"allow":["GET"]}}],"collection":[{"href":"https:\/\/www.fuldaernachrichten.de\/index.php?rest_route=\/wp\/v2\/posts"}],"about":[{"href":"https:\/\/www.fuldaernachrichten.de\/index.php?rest_route=\/wp\/v2\/types\/post"}],"author":[{"embeddable":true,"href":"https:\/\/www.fuldaernachrichten.de\/index.php?rest_route=\/wp\/v2\/users\/1"}],"replies":[{"embeddable":true,"href":"https:\/\/www.fuldaernachrichten.de\/index.php?rest_route=%2Fwp%2Fv2%2Fcomments&post=119151"}],"version-history":[{"count":1,"href":"https:\/\/www.fuldaernachrichten.de\/index.php?rest_route=\/wp\/v2\/posts\/119151\/revisions"}],"predecessor-version":[{"id":119152,"href":"https:\/\/www.fuldaernachrichten.de\/index.php?rest_route=\/wp\/v2\/posts\/119151\/revisions\/119152"}],"wp:attachment":[{"href":"https:\/\/www.fuldaernachrichten.de\/index.php?rest_route=%2Fwp%2Fv2%2Fmedia&parent=119151"}],"wp:term":[{"taxonomy":"category","embeddable":true,"href":"https:\/\/www.fuldaernachrichten.de\/index.php?rest_route=%2Fwp%2Fv2%2Fcategories&post=119151"},{"taxonomy":"post_tag","embeddable":true,"href":"https:\/\/www.fuldaernachrichten.de\/index.php?rest_route=%2Fwp%2Fv2%2Ftags&post=119151"}],"curies":[{"name":"wp","href":"https:\/\/api.w.org\/{rel}","templated":true}]}}