{"id":119148,"date":"2014-01-29T00:14:45","date_gmt":"2014-01-29T00:14:45","guid":{"rendered":"http:\/\/www.fuldaer-nachrichten.de\/?p=119148"},"modified":"2014-01-28T18:58:40","modified_gmt":"2014-01-28T18:58:40","slug":"tegut-praesentiert-erste-produkte-mit-regionalfenster-auf-der-internationalen-gruenen-woche","status":"publish","type":"post","link":"https:\/\/www.fuldaernachrichten.de\/?p=119148","title":{"rendered":"tegut\u00e2\u20ac\u00a6 pr\u00e4sentiert erste Produkte mit Regionalfenster auf der Internationalen Gr\u00fcnen Woche"},"content":{"rendered":"<p><a href=\"http:\/\/www.fuldaer-nachrichten.de\/wp-content\/uploads\/2014\/01\/Regionalfenster-e.V.-Christoph-Assmann.jpg\"><img decoding=\"async\" class=\"alignleft size-thumbnail wp-image-119149\" alt=\"Regionalfenster e.V.- Christoph Assmann\" src=\"http:\/\/www.fuldaer-nachrichten.de\/wp-content\/uploads\/2014\/01\/Regionalfenster-e.V.-Christoph-Assmann-265x176.jpg\" width=\"265\" height=\"176\" srcset=\"https:\/\/www.fuldaernachrichten.de\/wp-content\/uploads\/2014\/01\/Regionalfenster-e.V.-Christoph-Assmann-265x176.jpg 265w, https:\/\/www.fuldaernachrichten.de\/wp-content\/uploads\/2014\/01\/Regionalfenster-e.V.-Christoph-Assmann.jpg 425w\" sizes=\"(max-width: 265px) 100vw, 265px\" \/><\/a>Fulda. Seit Januar 2014 f\u00fchrt tegut\u00e2\u20ac\u00a6 unter seiner Eigenmarke einige der bundesweit ersten Produkte mit dem Regionalfenster im Sortiment. Auf der Internationalen Gr\u00fcnen Woche in Berlin pr\u00e4sentierten Andreas Petke, Leiter Qualit\u00e4t und Umwelt bei tegut\u00e2\u20ac\u00a6 und Dr. Hans-Peter Friedrich, Bundesminister f\u00fcr Ern\u00e4hrung und Landwirtschaft, die ab Januar mit dem Regionalfenster versehenen Produkte. \u201eDas Regionalfenster erg\u00e4nzt unseren Begriff von Regionalit\u00e4t auf sinnvolle Art, da wir nun auch Produkte kennzeichnen k\u00f6nnen, die au\u00dferhalb der von uns festgelegten tegut\u00e2\u20ac\u00a6 Region erzeugt wurden. <!--more--><\/p>\n<p>Auf diese Weise k\u00f6nnen die tegut\u00e2\u20ac\u00a6 Kunden f\u00fcr sich selbst definieren, welche Entfernung f\u00fcr sie Regionalit\u00e4t bedeutet.\u201c so Andreas Petke. Die Besucher freuten sich \u00fcber das Engagement von tegut\u00e2\u20ac\u00a6: Es sei toll, dass ein regional verwurzelter Lebensmitteleinzelh\u00e4ndler das Thema vorantreibe und mit den ganz Gro\u00dfen vorne mitmische, so der Tenor der Besucher.<\/p>\n<p>Eines der ersten Produkte mit Regionalfenster-Kennzeichnung sind die tegut\u00e2\u20ac\u00a6 Bio-Zwiebeln aus Mainfranken, abgepackt vom Produktionsbetrieb Remlinger R\u00fcben. Ebenso sind die regionalen Eier der tegut\u00e2\u20ac\u00a6 Eigenmarke mit dem Regionalfenster-Logo versehen. \u201eDenn gerade bei Eiern besteht seitens der Kunden ein gro\u00dfes Bed\u00fcrfnis zu erfahren, wo die Produkte herkommen. So kann der Kunde bei den tegut\u00e2\u20ac\u00a6 Eiern aus Hessen von der Familie H\u00e4de zus\u00e4tzlich Aufnahmen von den Hennen aus der Freilandhaltung per QR-Code abrufen. Das sind Authentizit\u00e4t und Regionalit\u00e4t pur\u201c, erl\u00e4utert Giannina Feuerstein, Produktmanagerin der tegut\u00e2\u20ac\u00a6 Eigenmarken.<\/p>\n<p>Bereits seit \u00fcber 10 Jahren f\u00f6rdert tegut\u00e2\u20ac\u00a6 ein regionales Schweinefleischprogramm namens LandPrimus. \u201eDie Schweine stammen aus einem Radius von 70 km rund um Fulda und werden auch dort verarbeitet. Die Kennzeichnung mit dem Regionalfenster-Logo gibt dem Kunden zuk\u00fcnftig noch mehr Sicherheit \u00fcber die Herkunft des Fleisches\u201c, sagt Giannina Feuerstein. tegut\u00e2\u20ac\u00a6 wolle das Regionalfenster auch in Zukunft ausweiten, denn \u201ees ist f\u00fcr tegut\u00e2\u20ac\u00a6 nicht nur ein Herkunftszeichen, sondern schafft Transparenz f\u00fcr unsere Kunden, da nun auch die Region der Erzeugung sowie die Herkunft der Rohstoffe zus\u00e4tzlich ausgewiesen werden k\u00f6nnen\u201c, sagt Andreas Petke.<\/p>\n","protected":false},"excerpt":{"rendered":"<div class=\"tmnf_excerpt\"><p>Fulda. Seit Januar 2014 f\u00fchrt tegut\u00e2\u20ac\u00a6 unter seiner Eigenmarke einige der bundesweit ersten Produkte mit dem Regionalfenster im Sortiment. Auf der Internationalen Gr\u00fcnen Woche in Berlin pr\u00e4sentierten Andreas Petke, Leiter Qualit\u00e4t und Umwelt bei tegut\u00e2\u20ac\u00a6 und Dr. Hans-Peter Friedrich, Bundesminister f\u00fcr Ern\u00e4hrung und Landwirtschaft, die ab Januar mit dem Regionalfenster versehenen Produkte. \u201eDas Regionalfenster erg\u00e4nzt &hellip;<\/p>\n<\/div>","protected":false},"author":1,"featured_media":0,"comment_status":"closed","ping_status":"closed","sticky":false,"template":"","format":"standard","meta":{"footnotes":""},"categories":[1,37],"tags":[],"class_list":["post-119148","post","type-post","status-publish","format-standard","hentry","category-startseite","category-essen-und-trinken"],"_links":{"self":[{"href":"https:\/\/www.fuldaernachrichten.de\/index.php?rest_route=\/wp\/v2\/posts\/119148","targetHints":{"allow":["GET"]}}],"collection":[{"href":"https:\/\/www.fuldaernachrichten.de\/index.php?rest_route=\/wp\/v2\/posts"}],"about":[{"href":"https:\/\/www.fuldaernachrichten.de\/index.php?rest_route=\/wp\/v2\/types\/post"}],"author":[{"embeddable":true,"href":"https:\/\/www.fuldaernachrichten.de\/index.php?rest_route=\/wp\/v2\/users\/1"}],"replies":[{"embeddable":true,"href":"https:\/\/www.fuldaernachrichten.de\/index.php?rest_route=%2Fwp%2Fv2%2Fcomments&post=119148"}],"version-history":[{"count":1,"href":"https:\/\/www.fuldaernachrichten.de\/index.php?rest_route=\/wp\/v2\/posts\/119148\/revisions"}],"predecessor-version":[{"id":119150,"href":"https:\/\/www.fuldaernachrichten.de\/index.php?rest_route=\/wp\/v2\/posts\/119148\/revisions\/119150"}],"wp:attachment":[{"href":"https:\/\/www.fuldaernachrichten.de\/index.php?rest_route=%2Fwp%2Fv2%2Fmedia&parent=119148"}],"wp:term":[{"taxonomy":"category","embeddable":true,"href":"https:\/\/www.fuldaernachrichten.de\/index.php?rest_route=%2Fwp%2Fv2%2Fcategories&post=119148"},{"taxonomy":"post_tag","embeddable":true,"href":"https:\/\/www.fuldaernachrichten.de\/index.php?rest_route=%2Fwp%2Fv2%2Ftags&post=119148"}],"curies":[{"name":"wp","href":"https:\/\/api.w.org\/{rel}","templated":true}]}}