{"id":119128,"date":"2014-01-29T00:10:54","date_gmt":"2014-01-29T00:10:54","guid":{"rendered":"http:\/\/www.fuldaer-nachrichten.de\/?p=119128"},"modified":"2014-01-28T18:44:49","modified_gmt":"2014-01-28T18:44:49","slug":"mein-smartphone-ich-kurs-der-faw","status":"publish","type":"post","link":"https:\/\/www.fuldaernachrichten.de\/?p=119128","title":{"rendered":"Mein Smartphone &#038; ich &#8211; Kurs der FAW"},"content":{"rendered":"<p>Fulda. Zum ersten Mal bietet die Fortbildungsakademie der Wirtschaft (FAW) Fulda einen iPhone \/ iPad Kurs an. Alle, die mehr \u00fcber die M\u00f6glichkeiten ihrer nahezu universell nutzbaren Ger\u00e4te wissen m\u00f6chten, k\u00f6nnen sich ab sofort bei der FAW Akademie Fulda zu einem Abendkurs anmelden.<!--more--><b> <\/b><\/p>\n<p>Jeder wei\u00df, dass man mit dem iPhone auch telefonieren und mit dem iPad im Internet surfen kann. Nat\u00fcrlich ist auch der App-Store oder der I-Tunes-Store f\u00fcr viele nichts Unbekanntes mehr. \u00dcber die viel-f\u00e4ltigen weiteren Einsatzm\u00f6glichkeiten wie beispielsweise die Nutzung von Navigationssystemen, das Kennenlernen unterschiedlicher Kommunikationswege oder das Einstellen selbstgedrehter Videos als Internetpr\u00e4sentation gibt die geplante Weiterbildung einen Einblick.<\/p>\n<p>Um die sechs Kursabende so kurzweilig wie m\u00f6glich zu gestalten, gliedert sich jede Kurseinheit in je 45 Minuten Theorie und Praxis. Das neue Wissen kann im praktischen Teil unter professioneller Anleitung umgesetzt werden. Der Kurs: \u201eMein Smartphone &amp; ich\u201c bietet zudem zwei Wochen nach Abschluss noch ein virtuelles Reflexionstreffen via Whats App an. Der erste Kurs, der f\u00fcr Einsteiger geeignet ist, startet am 04.03.2014. Interessierte k\u00f6nnen sich telefonisch (0661 679309-0) oder per Mail (fulda@faw.de) anmelden.<\/p>\n<p>\u00dcber die FAW gGmbH<\/p>\n<p>Die Fortbildungsakademie der Wirtschaft (FAW) gGmbH ist als Bildungs- und Personaldienstleister mit 33 Akademien und \u00fcber 150 Au\u00dfenstellen in zw\u00f6lf Bundesl\u00e4ndern aktiv. Ihr Ziel ist es, Arbeitslosen und von Arbeitslosigkeit bedrohten Menschen neue Perspektiven zu schaffen oder Arbeitnehmern den beruflichen Aufstieg zu erm\u00f6glichen.<\/p>\n<p>Seit 17 Jahren ist die FAW gGmbH in Fulda aktiv. Sie kn\u00fcpft ein engmaschiges Netz zu allen Akteuren rund um den Arbeitsmarkt der Region. Oberstes Ziel aller\u00c2\u00a0 Dienstleistungsangebote der FAW ist die Vermittlung in den ersten Arbeitsmarkt oder die langfristige Sicherung des bestehenden Arbeitsplatzes.<\/p>\n<p>Der reale Arbeitsprozess steht dabei immer im Vordergrund. Gelernt wird unter Praxisbedingungen in Betrieben. Individuelle L\u00f6sungen auf Basis der jeweiligen pers\u00f6nlichen F\u00e4higkeiten und der konkreten Arbeitsplatzanforderungen bilden das Ger\u00fcst f\u00fcr die erfolgreiche, nachhaltige Integration in den Arbeitsmarkt.<\/p>\n<p>&nbsp;<\/p>\n<p>Weitere Informationen unter: www.faw-akademiefulda.de<\/p>\n","protected":false},"excerpt":{"rendered":"<div class=\"tmnf_excerpt\"><p>Fulda. Zum ersten Mal bietet die Fortbildungsakademie der Wirtschaft (FAW) Fulda einen iPhone \/ iPad Kurs an. Alle, die mehr \u00fcber die M\u00f6glichkeiten ihrer nahezu universell nutzbaren Ger\u00e4te wissen m\u00f6chten, k\u00f6nnen sich ab sofort bei der FAW Akademie Fulda zu einem Abendkurs anmelden.<\/p>\n<\/div>","protected":false},"author":1,"featured_media":0,"comment_status":"closed","ping_status":"closed","sticky":false,"template":"","format":"standard","meta":{"footnotes":""},"categories":[1,53],"tags":[],"class_list":["post-119128","post","type-post","status-publish","format-standard","hentry","category-startseite","category-bildung"],"_links":{"self":[{"href":"https:\/\/www.fuldaernachrichten.de\/index.php?rest_route=\/wp\/v2\/posts\/119128","targetHints":{"allow":["GET"]}}],"collection":[{"href":"https:\/\/www.fuldaernachrichten.de\/index.php?rest_route=\/wp\/v2\/posts"}],"about":[{"href":"https:\/\/www.fuldaernachrichten.de\/index.php?rest_route=\/wp\/v2\/types\/post"}],"author":[{"embeddable":true,"href":"https:\/\/www.fuldaernachrichten.de\/index.php?rest_route=\/wp\/v2\/users\/1"}],"replies":[{"embeddable":true,"href":"https:\/\/www.fuldaernachrichten.de\/index.php?rest_route=%2Fwp%2Fv2%2Fcomments&post=119128"}],"version-history":[{"count":1,"href":"https:\/\/www.fuldaernachrichten.de\/index.php?rest_route=\/wp\/v2\/posts\/119128\/revisions"}],"predecessor-version":[{"id":119129,"href":"https:\/\/www.fuldaernachrichten.de\/index.php?rest_route=\/wp\/v2\/posts\/119128\/revisions\/119129"}],"wp:attachment":[{"href":"https:\/\/www.fuldaernachrichten.de\/index.php?rest_route=%2Fwp%2Fv2%2Fmedia&parent=119128"}],"wp:term":[{"taxonomy":"category","embeddable":true,"href":"https:\/\/www.fuldaernachrichten.de\/index.php?rest_route=%2Fwp%2Fv2%2Fcategories&post=119128"},{"taxonomy":"post_tag","embeddable":true,"href":"https:\/\/www.fuldaernachrichten.de\/index.php?rest_route=%2Fwp%2Fv2%2Ftags&post=119128"}],"curies":[{"name":"wp","href":"https:\/\/api.w.org\/{rel}","templated":true}]}}