{"id":119125,"date":"2014-01-29T00:20:13","date_gmt":"2014-01-29T00:20:13","guid":{"rendered":"http:\/\/www.fuldaer-nachrichten.de\/?p=119125"},"modified":"2014-01-28T19:00:03","modified_gmt":"2014-01-28T19:00:03","slug":"adelheid-und-peter-dillmann-feierten-mit-70-ehejahren-das-seltene-jubilaeum-der-gnadenhochzeit","status":"publish","type":"post","link":"https:\/\/www.fuldaernachrichten.de\/?p=119125","title":{"rendered":"Adelheid und Peter Dillmann feierten mit 70 Ehejahren das seltene Jubil\u00e4um der Gnadenhochzeit"},"content":{"rendered":"<p><b><a href=\"http:\/\/www.fuldaer-nachrichten.de\/wp-content\/uploads\/2014\/01\/Gnadenhochzeit.jpg\"><img decoding=\"async\" class=\"alignleft size-thumbnail wp-image-119126\" alt=\"Gnadenhochzeit\" src=\"http:\/\/www.fuldaer-nachrichten.de\/wp-content\/uploads\/2014\/01\/Gnadenhochzeit-265x175.jpg\" width=\"265\" height=\"175\" srcset=\"https:\/\/www.fuldaernachrichten.de\/wp-content\/uploads\/2014\/01\/Gnadenhochzeit-265x175.jpg 265w, https:\/\/www.fuldaernachrichten.de\/wp-content\/uploads\/2014\/01\/Gnadenhochzeit.jpg 600w\" sizes=\"(max-width: 265px) 100vw, 265px\" \/><\/a>Fulda (mb). <\/b>Adelheid und Peter Dillmanns Leben war wei\u00df Gott nicht immer einfach. Eher glich es einer Odyssee. Als Nachfahren deutscher Siedler in Russland aus Kandel bei Odessa an der Schwarzmeerk\u00fcste wurden sie nach dem Einmarsch der Wehrmacht in der Sowjetunion \u201eheim ins Reich\u201c umgesiedelt. Nach Kriegsende hie\u00df es unter Stalin f\u00fcr die Dillmanns: Deportation in den Ural und nach Usbekistan. Diese Schicksalsphasen ihres Lebens hat das Paar, das 1944 heiratete, dennoch in liebevoller, treusorgender Gemeinschaft gemeistert. Inzwischen 92j\u00e4hrig konnten beide im Kreis zahlreicher Gratulanten, darunter Fuldas Oberb\u00fcrgermeister Gerhard M\u00f6ller sowie Pfarrer Winfried Abel von der Neuenberger St. Andreas Pfarrei,\u00c2\u00a0 das \u00e4u\u00dferst seltene Ehejubil\u00e4um der \u201eGnadenhochzeit\u201c feiern.<!--more--><\/p>\n<p><b>Fr\u00f6hlich und humorvoll<\/b><\/p>\n<p>Auch im Alter haben Adelheid und Peter Dillmann eines nicht verloren: Ihre Freude, ihren Humor, vor allem aber ihr famili\u00e4res Zusammengeh\u00f6rigkeitsgef\u00fchl und ihren Glauben, den die katholische Familie selbst in kommunistischen Zeiten hoch gehalten hat. Gemeinsam mit ihren Kindern, einem Teil ihrer Enkel und Urenkel sangen sie zur Jubil\u00e4umsfeier religi\u00f6se Lieder wie \u201eSurrexit Dominus\u201c oder ein fr\u00f6hliches \u201eIch glaub\u00c2\u00b4, die Welt dreht sich verkehrt\u201c , und bewiesen damit, wie sehr sie nach wie vor an allem \u2013 auch am religi\u00f6sen Leben \u2013 Anteil nehmen. F\u00fcr Fuldas OB war der Besuch beim \u201eGnadenpaar\u201c Dillmann deshalb kein gew\u00f6hnlicher Termin. Gnadenhochzeiten seien \u201eausgesprochen selten.\u201c \u201eDaher freue ich mich mit ihnen und darf auch im Namen des Hessischen Ministerpr\u00e4sidenten Volker Bouffier zu diesem au\u00dfergew\u00f6hnlichen Ehejubil\u00e4um gratulieren.\u201c Angesichts der gro\u00dfen Zahl von Familienangeh\u00f6rigen unterstrich M\u00f6ller den Wert famili\u00e4rer Bindungen: \u201eWas w\u00e4re wir ohne Familien, die wie Sie zusammenhalten.\u201c<\/p>\n<p><b>\u201eDillmann Galerie\u201c<\/b><\/p>\n<p>Sicherlich hat der politische und gesellschaftliche Druck unter kommunistischer Herrschaft die Dillmanns in der alten, urspr\u00fcnglich von Deutschen gepr\u00e4gten Heimat im Raum Odessa, wohin die Vorfahren 1807 aus dem Elsa\u00df eingewandert waren,\u00c2\u00a0 besonders \u201ezusammengeschwei\u00dft.\u201c Auch wenn Adelheid und Peter mittlerweile \u00fcber 33 Jahre in Fulda leben, ist dieser famili\u00e4re Zusammenhalt erhalten geblieben. Die meisten ihrer acht Kinder und auch viele der 30 Enkel und 42 Urenkeln leben noch in Fulda, weil es \u201ehier so sch\u00f6n ist und Fulda viel zu bieten hat,\u201c wie eine der T\u00f6chter anmerkt. \u00c2\u00a0Was wiederum Pfarrer Abel zur scherzhaften Anmerkung veranlasste, die \u201eFulda Galerie\u201c doch gleich in \u201eDillmann Galerie\u201c umzubenennen, nachdem so viele Familienmitglieder hier wohnen.<\/p>\n","protected":false},"excerpt":{"rendered":"<div class=\"tmnf_excerpt\"><p>Fulda (mb). Adelheid und Peter Dillmanns Leben war wei\u00df Gott nicht immer einfach. Eher glich es einer Odyssee. Als Nachfahren deutscher Siedler in Russland aus Kandel bei Odessa an der Schwarzmeerk\u00fcste wurden sie nach dem Einmarsch der Wehrmacht in der Sowjetunion \u201eheim ins Reich\u201c umgesiedelt. Nach Kriegsende hie\u00df es unter Stalin f\u00fcr die Dillmanns: Deportation &hellip;<\/p>\n<\/div>","protected":false},"author":1,"featured_media":0,"comment_status":"closed","ping_status":"closed","sticky":false,"template":"","format":"standard","meta":{"footnotes":""},"categories":[1,29],"tags":[],"class_list":["post-119125","post","type-post","status-publish","format-standard","hentry","category-startseite","category-politik"],"_links":{"self":[{"href":"https:\/\/www.fuldaernachrichten.de\/index.php?rest_route=\/wp\/v2\/posts\/119125","targetHints":{"allow":["GET"]}}],"collection":[{"href":"https:\/\/www.fuldaernachrichten.de\/index.php?rest_route=\/wp\/v2\/posts"}],"about":[{"href":"https:\/\/www.fuldaernachrichten.de\/index.php?rest_route=\/wp\/v2\/types\/post"}],"author":[{"embeddable":true,"href":"https:\/\/www.fuldaernachrichten.de\/index.php?rest_route=\/wp\/v2\/users\/1"}],"replies":[{"embeddable":true,"href":"https:\/\/www.fuldaernachrichten.de\/index.php?rest_route=%2Fwp%2Fv2%2Fcomments&post=119125"}],"version-history":[{"count":1,"href":"https:\/\/www.fuldaernachrichten.de\/index.php?rest_route=\/wp\/v2\/posts\/119125\/revisions"}],"predecessor-version":[{"id":119127,"href":"https:\/\/www.fuldaernachrichten.de\/index.php?rest_route=\/wp\/v2\/posts\/119125\/revisions\/119127"}],"wp:attachment":[{"href":"https:\/\/www.fuldaernachrichten.de\/index.php?rest_route=%2Fwp%2Fv2%2Fmedia&parent=119125"}],"wp:term":[{"taxonomy":"category","embeddable":true,"href":"https:\/\/www.fuldaernachrichten.de\/index.php?rest_route=%2Fwp%2Fv2%2Fcategories&post=119125"},{"taxonomy":"post_tag","embeddable":true,"href":"https:\/\/www.fuldaernachrichten.de\/index.php?rest_route=%2Fwp%2Fv2%2Ftags&post=119125"}],"curies":[{"name":"wp","href":"https:\/\/api.w.org\/{rel}","templated":true}]}}