{"id":119112,"date":"2014-01-28T00:13:10","date_gmt":"2014-01-28T00:13:10","guid":{"rendered":"http:\/\/www.fuldaer-nachrichten.de\/?p=119112"},"modified":"2014-01-27T16:59:03","modified_gmt":"2014-01-27T16:59:03","slug":"jeder-mensch-hat-eine-stimme-kurs-der-vhs-des-landkreises-ueber-unterstuetzte-kommunikation","status":"publish","type":"post","link":"https:\/\/www.fuldaernachrichten.de\/?p=119112","title":{"rendered":"Jeder Mensch hat eine Stimme: Kurs der VHS des Landkreises \u00fcber unterst\u00fctzte Kommunikation"},"content":{"rendered":"<p>H\u00fcnfeld. Kommunikation ist eine wesentliche Voraussetzung f\u00fcr die Teilhabe am gesellschaftlichen Leben. Wer \u00fcber keine &#8220;aktive Lautsprache&#8221; verf\u00fcgt, ger\u00e4t schnell an die Grenzen seiner Handlungsf\u00e4higkeit und damit in soziale Isolation. Aber auch Menschen ohne Lautspracheverm\u00f6gen sollten ihre W\u00fcnsche und Bed\u00fcrfnisse mitteilen k\u00f6nnen.<!--more--><\/p>\n<p>In einem gemeinsamen Workshop der Volkshochschule des Landkreises mit der Caritas-Behindertenhilfe sollen die Teilnehmer an insgesamt acht Abenden einen Einblick in die unterst\u00fctzte Kommunikation erhalten und deren grundlegenden Methoden kennenlernen. Beginn ist am Donnerstag, 6. Februar, um 19 Uhr in der Vinzenz-von-Paul-Schule, Rasdorfer Str. 11, in H\u00fcnfeld. Bei Interesse kann sich ein weiterf\u00fchrender Kurs Interesse anschlie\u00dfen. Info und vorherige Anmeldung unter <a href=\"http:\/\/www.vhs-fulda.de\">www.vhs-fulda.de<\/a>oder Telefon (0661)25199-0.<\/p>\n","protected":false},"excerpt":{"rendered":"<div class=\"tmnf_excerpt\"><p>H\u00fcnfeld. Kommunikation ist eine wesentliche Voraussetzung f\u00fcr die Teilhabe am gesellschaftlichen Leben. Wer \u00fcber keine &#8220;aktive Lautsprache&#8221; verf\u00fcgt, ger\u00e4t schnell an die Grenzen seiner Handlungsf\u00e4higkeit und damit in soziale Isolation. Aber auch Menschen ohne Lautspracheverm\u00f6gen sollten ihre W\u00fcnsche und Bed\u00fcrfnisse mitteilen k\u00f6nnen.<\/p>\n<\/div>","protected":false},"author":1,"featured_media":0,"comment_status":"closed","ping_status":"closed","sticky":false,"template":"","format":"standard","meta":{"footnotes":""},"categories":[1,53],"tags":[],"class_list":["post-119112","post","type-post","status-publish","format-standard","hentry","category-startseite","category-bildung"],"_links":{"self":[{"href":"https:\/\/www.fuldaernachrichten.de\/index.php?rest_route=\/wp\/v2\/posts\/119112","targetHints":{"allow":["GET"]}}],"collection":[{"href":"https:\/\/www.fuldaernachrichten.de\/index.php?rest_route=\/wp\/v2\/posts"}],"about":[{"href":"https:\/\/www.fuldaernachrichten.de\/index.php?rest_route=\/wp\/v2\/types\/post"}],"author":[{"embeddable":true,"href":"https:\/\/www.fuldaernachrichten.de\/index.php?rest_route=\/wp\/v2\/users\/1"}],"replies":[{"embeddable":true,"href":"https:\/\/www.fuldaernachrichten.de\/index.php?rest_route=%2Fwp%2Fv2%2Fcomments&post=119112"}],"version-history":[{"count":1,"href":"https:\/\/www.fuldaernachrichten.de\/index.php?rest_route=\/wp\/v2\/posts\/119112\/revisions"}],"predecessor-version":[{"id":119113,"href":"https:\/\/www.fuldaernachrichten.de\/index.php?rest_route=\/wp\/v2\/posts\/119112\/revisions\/119113"}],"wp:attachment":[{"href":"https:\/\/www.fuldaernachrichten.de\/index.php?rest_route=%2Fwp%2Fv2%2Fmedia&parent=119112"}],"wp:term":[{"taxonomy":"category","embeddable":true,"href":"https:\/\/www.fuldaernachrichten.de\/index.php?rest_route=%2Fwp%2Fv2%2Fcategories&post=119112"},{"taxonomy":"post_tag","embeddable":true,"href":"https:\/\/www.fuldaernachrichten.de\/index.php?rest_route=%2Fwp%2Fv2%2Ftags&post=119112"}],"curies":[{"name":"wp","href":"https:\/\/api.w.org\/{rel}","templated":true}]}}