{"id":119097,"date":"2014-01-28T00:13:17","date_gmt":"2014-01-28T00:13:17","guid":{"rendered":"http:\/\/www.fuldaer-nachrichten.de\/?p=119097"},"modified":"2014-01-27T16:46:39","modified_gmt":"2014-01-27T16:46:39","slug":"aussengelaende-fuer-u3-kinderkrippe-marienkaefer","status":"publish","type":"post","link":"https:\/\/www.fuldaernachrichten.de\/?p=119097","title":{"rendered":"Au\u00dfengel\u00e4nde f\u00fcr U3 Kinderkrippe \u201eMarienk\u00e4fer\u201c"},"content":{"rendered":"<p>Fulda. Die Kinder der U3 Kinderkrippe \u201eMarienk\u00e4fer\u201c eroberten begeistert ihr neues Au\u00dfengel\u00e4nde. Rein in die Natur mit Toben im Laubhaufen und Klettern auf Baumst\u00fcmpfen. Ab Januar hat jetzt auch die Marienk\u00e4fergruppe ein eingez\u00e4untes Au\u00dfengel\u00e4nde neben dem Hauptgeb\u00e4ude. Im laufenden Jahr soll das Gel\u00e4nde noch mit Weideng\u00e4ngen und weiteren Naturelementen ausgebaut werden. Ab Februar sind in der Kinderbetreuungsgruppe \u201eMarienk\u00e4fer\u201c im M\u00fctterzentrum \u201eDie M\u00dcTZE\u201c, Gallasiniring 8, in Fulda f\u00fcr Stadtkinder im Alter von 9 Monaten bis zum vollendeten 3. Lebensjahr noch Pl\u00e4tze frei. \u00d6ffnungszeiten sind von Montag \u2013 Freitag von 7.30 \u2013 14.00 Uhr mit fleischlosem Mittagessen. N\u00e4here Informationen und Anmeldung unter Tel. 0661\/8050.<\/p>\n<p>&nbsp;<\/p>\n<p>&nbsp;<\/p>\n<p>&nbsp;<\/p>\n","protected":false},"excerpt":{"rendered":"<div class=\"tmnf_excerpt\"><p>Fulda. Die Kinder der U3 Kinderkrippe \u201eMarienk\u00e4fer\u201c eroberten begeistert ihr neues Au\u00dfengel\u00e4nde. Rein in die Natur mit Toben im Laubhaufen und Klettern auf Baumst\u00fcmpfen. Ab Januar hat jetzt auch die Marienk\u00e4fergruppe ein eingez\u00e4untes Au\u00dfengel\u00e4nde neben dem Hauptgeb\u00e4ude. Im laufenden Jahr soll das Gel\u00e4nde noch mit Weideng\u00e4ngen und weiteren Naturelementen ausgebaut werden. Ab Februar sind in &hellip;<\/p>\n<\/div>","protected":false},"author":1,"featured_media":0,"comment_status":"closed","ping_status":"closed","sticky":false,"template":"","format":"standard","meta":{"footnotes":""},"categories":[1,72],"tags":[],"class_list":["post-119097","post","type-post","status-publish","format-standard","hentry","category-startseite","category-jugend"],"_links":{"self":[{"href":"https:\/\/www.fuldaernachrichten.de\/index.php?rest_route=\/wp\/v2\/posts\/119097","targetHints":{"allow":["GET"]}}],"collection":[{"href":"https:\/\/www.fuldaernachrichten.de\/index.php?rest_route=\/wp\/v2\/posts"}],"about":[{"href":"https:\/\/www.fuldaernachrichten.de\/index.php?rest_route=\/wp\/v2\/types\/post"}],"author":[{"embeddable":true,"href":"https:\/\/www.fuldaernachrichten.de\/index.php?rest_route=\/wp\/v2\/users\/1"}],"replies":[{"embeddable":true,"href":"https:\/\/www.fuldaernachrichten.de\/index.php?rest_route=%2Fwp%2Fv2%2Fcomments&post=119097"}],"version-history":[{"count":1,"href":"https:\/\/www.fuldaernachrichten.de\/index.php?rest_route=\/wp\/v2\/posts\/119097\/revisions"}],"predecessor-version":[{"id":119098,"href":"https:\/\/www.fuldaernachrichten.de\/index.php?rest_route=\/wp\/v2\/posts\/119097\/revisions\/119098"}],"wp:attachment":[{"href":"https:\/\/www.fuldaernachrichten.de\/index.php?rest_route=%2Fwp%2Fv2%2Fmedia&parent=119097"}],"wp:term":[{"taxonomy":"category","embeddable":true,"href":"https:\/\/www.fuldaernachrichten.de\/index.php?rest_route=%2Fwp%2Fv2%2Fcategories&post=119097"},{"taxonomy":"post_tag","embeddable":true,"href":"https:\/\/www.fuldaernachrichten.de\/index.php?rest_route=%2Fwp%2Fv2%2Ftags&post=119097"}],"curies":[{"name":"wp","href":"https:\/\/api.w.org\/{rel}","templated":true}]}}