{"id":119088,"date":"2014-01-28T00:10:07","date_gmt":"2014-01-28T00:10:07","guid":{"rendered":"http:\/\/www.fuldaer-nachrichten.de\/?p=119088"},"modified":"2014-01-27T16:41:15","modified_gmt":"2014-01-27T16:41:15","slug":"zdk-raetetagung-befasst-sich-mit-dem-thema-familienverstaendnis","status":"publish","type":"post","link":"https:\/\/www.fuldaernachrichten.de\/?p=119088","title":{"rendered":"ZdK-R\u00e4tetagung befasst sich mit dem Thema &#8220;Familienverst\u00e4ndnis&#8221;"},"content":{"rendered":"<p><a href=\"http:\/\/www.fuldaer-nachrichten.de\/wp-content\/uploads\/2014\/01\/zdk20140125vors_gf_delegierte.jpg\"><img decoding=\"async\" class=\"alignleft size-thumbnail wp-image-119089\" alt=\"zdk20140125vors_gf_delegierte\" src=\"http:\/\/www.fuldaer-nachrichten.de\/wp-content\/uploads\/2014\/01\/zdk20140125vors_gf_delegierte-265x148.jpg\" width=\"265\" height=\"148\" srcset=\"https:\/\/www.fuldaernachrichten.de\/wp-content\/uploads\/2014\/01\/zdk20140125vors_gf_delegierte-265x148.jpg 265w, https:\/\/www.fuldaernachrichten.de\/wp-content\/uploads\/2014\/01\/zdk20140125vors_gf_delegierte.jpg 600w\" sizes=\"(max-width: 265px) 100vw, 265px\" \/><\/a>Regensburg (sf) Im Mittelpunkt der Konferenz der Vorsitzenden der Di\u00f6zesanr\u00e4te in Deutschland und deren ZdK-Delegierten, die am Wochenende im Priesterseminar St. Wolfgang in Regensburg stattfand, stand das Thema &#8220;Das katholische Ehe- und Familienverst\u00e4ndnis und die vielen Lebensentw\u00fcrfe heute&#8221;. Hierzu referierte der Theologe Prof. Dr. Bernhard Laux von der Universit\u00e4t Regensburg. <!--more--><\/p>\n<p>&#8220;Die Fragen, die Papst Franziskus im Vorfeld der Bischofssynode im Herbst 2014 an die gesamte Weltkirche gerichtet hat, verdeutlichen, wie wichtig und aktuell das Thema Familienpastoral in unserer Kirche ist&#8221;, betont der Vorsitzende des Katholikenrates, Steffen Flicker (Foto, rechts), der auf der R\u00e4tetagung auch einen Arbeitskreis leitete. Gemeinsam mit den ZdK-Delegierten Bettina Faber-Ruffing und Richard Pfeifer (Foto, zweite und erster von links), nahm Flicker an den Beratungen in Regensburg teil.<\/p>\n<p>\u00dcber den Stand der Vorbereitungen zum 99. Katholikentag, der vom 28. Mai bis 1. Juni 2014 in Regensburg ausgerichtet wird, informierte ZdK-Generalsekret\u00e4r Dr. Stefan Vesper (Foto, zweiter von rechts).<\/p>\n","protected":false},"excerpt":{"rendered":"<div class=\"tmnf_excerpt\"><p>Regensburg (sf) Im Mittelpunkt der Konferenz der Vorsitzenden der Di\u00f6zesanr\u00e4te in Deutschland und deren ZdK-Delegierten, die am Wochenende im Priesterseminar St. Wolfgang in Regensburg stattfand, stand das Thema &#8220;Das katholische Ehe- und Familienverst\u00e4ndnis und die vielen Lebensentw\u00fcrfe heute&#8221;. Hierzu referierte der Theologe Prof. Dr. Bernhard Laux von der Universit\u00e4t Regensburg.<\/p>\n<\/div>","protected":false},"author":1,"featured_media":0,"comment_status":"closed","ping_status":"closed","sticky":false,"template":"","format":"standard","meta":{"footnotes":""},"categories":[1,50],"tags":[],"class_list":["post-119088","post","type-post","status-publish","format-standard","hentry","category-startseite","category-kirche"],"_links":{"self":[{"href":"https:\/\/www.fuldaernachrichten.de\/index.php?rest_route=\/wp\/v2\/posts\/119088","targetHints":{"allow":["GET"]}}],"collection":[{"href":"https:\/\/www.fuldaernachrichten.de\/index.php?rest_route=\/wp\/v2\/posts"}],"about":[{"href":"https:\/\/www.fuldaernachrichten.de\/index.php?rest_route=\/wp\/v2\/types\/post"}],"author":[{"embeddable":true,"href":"https:\/\/www.fuldaernachrichten.de\/index.php?rest_route=\/wp\/v2\/users\/1"}],"replies":[{"embeddable":true,"href":"https:\/\/www.fuldaernachrichten.de\/index.php?rest_route=%2Fwp%2Fv2%2Fcomments&post=119088"}],"version-history":[{"count":1,"href":"https:\/\/www.fuldaernachrichten.de\/index.php?rest_route=\/wp\/v2\/posts\/119088\/revisions"}],"predecessor-version":[{"id":119091,"href":"https:\/\/www.fuldaernachrichten.de\/index.php?rest_route=\/wp\/v2\/posts\/119088\/revisions\/119091"}],"wp:attachment":[{"href":"https:\/\/www.fuldaernachrichten.de\/index.php?rest_route=%2Fwp%2Fv2%2Fmedia&parent=119088"}],"wp:term":[{"taxonomy":"category","embeddable":true,"href":"https:\/\/www.fuldaernachrichten.de\/index.php?rest_route=%2Fwp%2Fv2%2Fcategories&post=119088"},{"taxonomy":"post_tag","embeddable":true,"href":"https:\/\/www.fuldaernachrichten.de\/index.php?rest_route=%2Fwp%2Fv2%2Ftags&post=119088"}],"curies":[{"name":"wp","href":"https:\/\/api.w.org\/{rel}","templated":true}]}}