{"id":119080,"date":"2014-01-28T00:10:41","date_gmt":"2014-01-28T00:10:41","guid":{"rendered":"http:\/\/www.fuldaer-nachrichten.de\/?p=119080"},"modified":"2014-01-27T16:34:42","modified_gmt":"2014-01-27T16:34:42","slug":"geschichte-und-kultur-der-juden-in-buedingen-neu-aufgelegt","status":"publish","type":"post","link":"https:\/\/www.fuldaernachrichten.de\/?p=119080","title":{"rendered":"\u201eGeschichte und Kultur der Juden in B\u00fcdingen\u201c neu aufgelegt"},"content":{"rendered":"<p><a href=\"http:\/\/www.fuldaer-nachrichten.de\/wp-content\/uploads\/2014\/01\/PMJudenB\u00fcdingenCover.jpg\"><img fetchpriority=\"high\" decoding=\"async\" class=\"alignleft size-thumbnail wp-image-119081\" alt=\"PMJudenB\u00fcdingenCover\" src=\"http:\/\/www.fuldaer-nachrichten.de\/wp-content\/uploads\/2014\/01\/PMJudenB\u00fcdingenCover-265x366.jpg\" width=\"265\" height=\"366\" \/><\/a>B\u00fcdingen. Der B\u00fcdinger Geschichtsverein hat vor kurzem die zweite Auflage des Buches von Willi Luh \u201eZur Geschichte und Kultur der Juden in B\u00fcdingen\u201c ver\u00f6ffentlicht. Der Autor geht darin auf eine intensive Spurensuche und belegt mit zahlreichen Dokumenten den Weg der B\u00fcdinger Juden.<!--more--><\/p>\n<p>Wie konnte es dazu kommen, fragt Willi Luh, \u201edass innerhalb von wenigen Jahren \u2013 von 1933 bis 1938\/39 \u2013 insgesamt 146 j\u00fcdische M\u00e4nner, Frauen und Kinder aus ihrer angestammten Heimat \u00e2\u20ac\u0161verzogen\u00e2\u20ac\u02dc (i.e. \u00e2\u20ac\u0161abgemeldet\u00e2\u20ac\u02dc wurden), um schlie\u00dflich irgendwo in der Welt anzukommen, geduldet und eigentlich wider Willen angenommen, wie in Briefen und Dokumenten berichtet wird, ganz zu schweigen von den 34 Menschen, die in den Vernichtungslagern im Osten ein entsetzliches Ende fanden!\u201c Dieser Frage geht Willi Luh, Ehrenvorsitzender des B\u00fcdinger Geschichtsvereins, in seiner \u201eGeschichte und Kultur der B\u00fcdinger Juden\u201c nach.<\/p>\n<p>Er beginnt mit der Geschichte der Juden in B\u00fcdingen seit 1330 und den Pogromen im 14. Jahrhundert und berichtet vom sp\u00e4tem Mittelalter und der Neuzeit bis zur Entwicklung der j\u00fcdischen Gemeinde vom 18. bis zum 20. Jahrhundert. Willi Luh zeigt Zeugnisse der j\u00fcdischen Gemeinde aus dem 19. und 20. Jahrhundert auf, wie die Synagogen und den j\u00fcdischen Friedhof. Sein Hauptaugenmerk richtet er aber auf die Zeit des Nationalsozialismus. Ab dem Jahr 1933 kam es in B\u00fcdingen zu Boykott und Ausschreitungen, schlie\u00dflich zur Vertreibung. Nach dem letzten Pogrom endet die Geschichte der Juden in B\u00fcdingen.<\/p>\n<p>Das Buch enth\u00e4lt Gerichtsurteile zu den Ausschreitungen in B\u00fcdingen, Zeitungsberichte, eine Liste der j\u00fcdischen B\u00fcdinger mit Abmeldedaten zwischen 1933 und 1942 und weitere Anh\u00e4nge, die das Ende der j\u00fcdischen Kultur in B\u00fcdingen aufzeigen. Erh\u00e4ltlich ist das Buch bei den bekannten Verkaufsstellen.<\/p>\n<p>Zur Geschichte und Kultur der Juden in B\u00fcdingen<br \/>\nPaperback, 269 S., 12,00 \u00e2\u201a\u00ac<br \/>\nISBN 978-3-939454-76-1<br \/>\nB\u00fcdinger Geschichtsverein 2013<\/p>\n","protected":false},"excerpt":{"rendered":"<div class=\"tmnf_excerpt\"><p>B\u00fcdingen. Der B\u00fcdinger Geschichtsverein hat vor kurzem die zweite Auflage des Buches von Willi Luh \u201eZur Geschichte und Kultur der Juden in B\u00fcdingen\u201c ver\u00f6ffentlicht. Der Autor geht darin auf eine intensive Spurensuche und belegt mit zahlreichen Dokumenten den Weg der B\u00fcdinger Juden.<\/p>\n<\/div>","protected":false},"author":1,"featured_media":0,"comment_status":"closed","ping_status":"closed","sticky":false,"template":"","format":"standard","meta":{"footnotes":""},"categories":[1],"tags":[],"class_list":["post-119080","post","type-post","status-publish","format-standard","hentry","category-startseite"],"_links":{"self":[{"href":"https:\/\/www.fuldaernachrichten.de\/index.php?rest_route=\/wp\/v2\/posts\/119080","targetHints":{"allow":["GET"]}}],"collection":[{"href":"https:\/\/www.fuldaernachrichten.de\/index.php?rest_route=\/wp\/v2\/posts"}],"about":[{"href":"https:\/\/www.fuldaernachrichten.de\/index.php?rest_route=\/wp\/v2\/types\/post"}],"author":[{"embeddable":true,"href":"https:\/\/www.fuldaernachrichten.de\/index.php?rest_route=\/wp\/v2\/users\/1"}],"replies":[{"embeddable":true,"href":"https:\/\/www.fuldaernachrichten.de\/index.php?rest_route=%2Fwp%2Fv2%2Fcomments&post=119080"}],"version-history":[{"count":1,"href":"https:\/\/www.fuldaernachrichten.de\/index.php?rest_route=\/wp\/v2\/posts\/119080\/revisions"}],"predecessor-version":[{"id":119082,"href":"https:\/\/www.fuldaernachrichten.de\/index.php?rest_route=\/wp\/v2\/posts\/119080\/revisions\/119082"}],"wp:attachment":[{"href":"https:\/\/www.fuldaernachrichten.de\/index.php?rest_route=%2Fwp%2Fv2%2Fmedia&parent=119080"}],"wp:term":[{"taxonomy":"category","embeddable":true,"href":"https:\/\/www.fuldaernachrichten.de\/index.php?rest_route=%2Fwp%2Fv2%2Fcategories&post=119080"},{"taxonomy":"post_tag","embeddable":true,"href":"https:\/\/www.fuldaernachrichten.de\/index.php?rest_route=%2Fwp%2Fv2%2Ftags&post=119080"}],"curies":[{"name":"wp","href":"https:\/\/api.w.org\/{rel}","templated":true}]}}