{"id":119065,"date":"2014-01-27T00:12:09","date_gmt":"2014-01-27T00:12:09","guid":{"rendered":"http:\/\/www.fuldaer-nachrichten.de\/?p=119065"},"modified":"2014-01-26T17:12:40","modified_gmt":"2014-01-26T17:12:40","slug":"koestlichkeiten-aus-1001-nacht-aussergewoehnlicher-kochkurs-der-vhs","status":"publish","type":"post","link":"https:\/\/www.fuldaernachrichten.de\/?p=119065","title":{"rendered":"K\u00f6stlichkeiten aus 1001 Nacht &#8211; Au\u00dfergew\u00f6hnlicher Kochkurs der vhs"},"content":{"rendered":"<p>Fulda. In einem ganz besonderen Kochkurs der VHS des Landkreises Fulda lernen die Teilnehmer, m\u00e4rchenhafte Spezialit\u00e4ten aus dem Orient zuzubereiten. Verf\u00fchrerische Gew\u00fcrze, raffinierte Rezepte und passende Deko lassen Genie\u00dfer-Herzen h\u00f6her schlagen. Der Kochkurs findet am Samstag, 1. Februar, von 11.30 Uhr bis 17 Uhr in der Schauk\u00fcche von Sommerlad statt. Informationen und vorherige Anmeldung im Internet unter <a href=\"http:\/\/www.vhs-fulda.de\">www.vhs-fulda.de<\/a>oder bei der VHS-Gesch\u00e4ftsstelle, Telefon (0661) 25199-0.<\/p>\n","protected":false},"excerpt":{"rendered":"<div class=\"tmnf_excerpt\"><p>Fulda. In einem ganz besonderen Kochkurs der VHS des Landkreises Fulda lernen die Teilnehmer, m\u00e4rchenhafte Spezialit\u00e4ten aus dem Orient zuzubereiten. Verf\u00fchrerische Gew\u00fcrze, raffinierte Rezepte und passende Deko lassen Genie\u00dfer-Herzen h\u00f6her schlagen. Der Kochkurs findet am Samstag, 1. Februar, von 11.30 Uhr bis 17 Uhr in der Schauk\u00fcche von Sommerlad statt. Informationen und vorherige Anmeldung im &hellip;<\/p>\n<\/div>","protected":false},"author":1,"featured_media":0,"comment_status":"closed","ping_status":"closed","sticky":false,"template":"","format":"standard","meta":{"footnotes":""},"categories":[1,53],"tags":[],"class_list":["post-119065","post","type-post","status-publish","format-standard","hentry","category-startseite","category-bildung"],"_links":{"self":[{"href":"https:\/\/www.fuldaernachrichten.de\/index.php?rest_route=\/wp\/v2\/posts\/119065","targetHints":{"allow":["GET"]}}],"collection":[{"href":"https:\/\/www.fuldaernachrichten.de\/index.php?rest_route=\/wp\/v2\/posts"}],"about":[{"href":"https:\/\/www.fuldaernachrichten.de\/index.php?rest_route=\/wp\/v2\/types\/post"}],"author":[{"embeddable":true,"href":"https:\/\/www.fuldaernachrichten.de\/index.php?rest_route=\/wp\/v2\/users\/1"}],"replies":[{"embeddable":true,"href":"https:\/\/www.fuldaernachrichten.de\/index.php?rest_route=%2Fwp%2Fv2%2Fcomments&post=119065"}],"version-history":[{"count":1,"href":"https:\/\/www.fuldaernachrichten.de\/index.php?rest_route=\/wp\/v2\/posts\/119065\/revisions"}],"predecessor-version":[{"id":119066,"href":"https:\/\/www.fuldaernachrichten.de\/index.php?rest_route=\/wp\/v2\/posts\/119065\/revisions\/119066"}],"wp:attachment":[{"href":"https:\/\/www.fuldaernachrichten.de\/index.php?rest_route=%2Fwp%2Fv2%2Fmedia&parent=119065"}],"wp:term":[{"taxonomy":"category","embeddable":true,"href":"https:\/\/www.fuldaernachrichten.de\/index.php?rest_route=%2Fwp%2Fv2%2Fcategories&post=119065"},{"taxonomy":"post_tag","embeddable":true,"href":"https:\/\/www.fuldaernachrichten.de\/index.php?rest_route=%2Fwp%2Fv2%2Ftags&post=119065"}],"curies":[{"name":"wp","href":"https:\/\/api.w.org\/{rel}","templated":true}]}}