{"id":119019,"date":"2014-01-25T08:30:42","date_gmt":"2014-01-25T08:30:42","guid":{"rendered":"http:\/\/www.fuldaer-nachrichten.de\/?p=119019"},"modified":"2014-01-25T08:30:42","modified_gmt":"2014-01-25T08:30:42","slug":"ein-ungewoehnlicher-besuch-in-der-kindertagesstaette-st-martin-in-flieden","status":"publish","type":"post","link":"https:\/\/www.fuldaernachrichten.de\/?p=119019","title":{"rendered":"Ein ungew\u00f6hnlicher Besuch in der Kindertagesst\u00e4tte St. Martin in Flieden"},"content":{"rendered":"<p><a href=\"http:\/\/www.fuldaer-nachrichten.de\/wp-content\/uploads\/2014\/01\/martin-falkner-foto-fz.jpg\"><img fetchpriority=\"high\" decoding=\"async\" class=\"alignleft size-thumbnail wp-image-119020\" alt=\"martin-falkner-foto-fz\" src=\"http:\/\/www.fuldaer-nachrichten.de\/wp-content\/uploads\/2014\/01\/martin-falkner-foto-fz-265x198.jpg\" width=\"265\" height=\"198\" srcset=\"https:\/\/www.fuldaernachrichten.de\/wp-content\/uploads\/2014\/01\/martin-falkner-foto-fz-265x198.jpg 265w, https:\/\/www.fuldaernachrichten.de\/wp-content\/uploads\/2014\/01\/martin-falkner-foto-fz.jpg 600w\" sizes=\"(max-width: 265px) 100vw, 265px\" \/><\/a>Flieden. Eulen und andere Vogelarten faszinieren die Kinder schon sehr lange. Mittlerweile findet man sie auf vielen Alltagsgegenst\u00e4nden. Aber mal eine echte Eule zu sehen ist fast unm\u00f6glich. Dabei leben bei Familie Sch\u00e4fer in Schweben ein Uhu, der zur Familie der Eulen geh\u00f6rt, und ein Habicht. Diese wurden von Hand aufgezogen und sind zahm. Alexander Sch\u00e4fer folgte der Einladung der Kita und besuchte sie mit seinen beiden V\u00f6geln. Er konnte viel \u00fcber deren Lebensweise erz\u00e4hlen und beantwortete die Fragen der Kinder. Als Andenken bekam jedes Kind eine echte Habichtfeder. Dieser Tag ist den Kindern sehr in Erinnerung geblieben. Daf\u00fcr bedanken sich die Kinder und Erzieherinnen der Kindertagesst\u00e4tte St. Martin ganz herzlich bei der Familie Sch\u00e4fer.<\/p>\n","protected":false},"excerpt":{"rendered":"<div class=\"tmnf_excerpt\"><p>Flieden. Eulen und andere Vogelarten faszinieren die Kinder schon sehr lange. Mittlerweile findet man sie auf vielen Alltagsgegenst\u00e4nden. Aber mal eine echte Eule zu sehen ist fast unm\u00f6glich. Dabei leben bei Familie Sch\u00e4fer in Schweben ein Uhu, der zur Familie der Eulen geh\u00f6rt, und ein Habicht. Diese wurden von Hand aufgezogen und sind zahm. Alexander &hellip;<\/p>\n<\/div>","protected":false},"author":1,"featured_media":0,"comment_status":"closed","ping_status":"closed","sticky":false,"template":"","format":"standard","meta":{"footnotes":""},"categories":[1,72],"tags":[],"class_list":["post-119019","post","type-post","status-publish","format-standard","hentry","category-startseite","category-jugend"],"_links":{"self":[{"href":"https:\/\/www.fuldaernachrichten.de\/index.php?rest_route=\/wp\/v2\/posts\/119019","targetHints":{"allow":["GET"]}}],"collection":[{"href":"https:\/\/www.fuldaernachrichten.de\/index.php?rest_route=\/wp\/v2\/posts"}],"about":[{"href":"https:\/\/www.fuldaernachrichten.de\/index.php?rest_route=\/wp\/v2\/types\/post"}],"author":[{"embeddable":true,"href":"https:\/\/www.fuldaernachrichten.de\/index.php?rest_route=\/wp\/v2\/users\/1"}],"replies":[{"embeddable":true,"href":"https:\/\/www.fuldaernachrichten.de\/index.php?rest_route=%2Fwp%2Fv2%2Fcomments&post=119019"}],"version-history":[{"count":1,"href":"https:\/\/www.fuldaernachrichten.de\/index.php?rest_route=\/wp\/v2\/posts\/119019\/revisions"}],"predecessor-version":[{"id":119021,"href":"https:\/\/www.fuldaernachrichten.de\/index.php?rest_route=\/wp\/v2\/posts\/119019\/revisions\/119021"}],"wp:attachment":[{"href":"https:\/\/www.fuldaernachrichten.de\/index.php?rest_route=%2Fwp%2Fv2%2Fmedia&parent=119019"}],"wp:term":[{"taxonomy":"category","embeddable":true,"href":"https:\/\/www.fuldaernachrichten.de\/index.php?rest_route=%2Fwp%2Fv2%2Fcategories&post=119019"},{"taxonomy":"post_tag","embeddable":true,"href":"https:\/\/www.fuldaernachrichten.de\/index.php?rest_route=%2Fwp%2Fv2%2Ftags&post=119019"}],"curies":[{"name":"wp","href":"https:\/\/api.w.org\/{rel}","templated":true}]}}