{"id":119011,"date":"2014-01-25T08:29:25","date_gmt":"2014-01-25T08:29:25","guid":{"rendered":"http:\/\/www.fuldaer-nachrichten.de\/?p=119011"},"modified":"2014-01-25T08:29:25","modified_gmt":"2014-01-25T08:29:25","slug":"jahresempfang-der-gemeinde-im-von-steinrueck-haus-200-gaeste-aus-ehrenamt-wirtschaft-politik-u-gesellschaft","status":"publish","type":"post","link":"https:\/\/www.fuldaernachrichten.de\/?p=119011","title":{"rendered":"Jahresempfang der Gemeinde im Von-Steinr\u00fcck-Haus &#8211; 200 G\u00e4ste aus Ehrenamt, Wirtschaft, Politik u. Gesellschaft"},"content":{"rendered":"<p><b><a href=\"http:\/\/www.fuldaer-nachrichten.de\/wp-content\/uploads\/2014\/01\/Jahresempfang4.jpg\"><img fetchpriority=\"high\" decoding=\"async\" class=\"alignleft size-thumbnail wp-image-119015\" alt=\"Jahresempfang4\" src=\"http:\/\/www.fuldaer-nachrichten.de\/wp-content\/uploads\/2014\/01\/Jahresempfang4-265x198.jpg\" width=\"265\" height=\"198\" srcset=\"https:\/\/www.fuldaernachrichten.de\/wp-content\/uploads\/2014\/01\/Jahresempfang4-265x198.jpg 265w, https:\/\/www.fuldaernachrichten.de\/wp-content\/uploads\/2014\/01\/Jahresempfang4.jpg 340w\" sizes=\"(max-width: 265px) 100vw, 265px\" \/><\/a><\/b>Poppenhausen (Wasserkuppe). Der Chor der Grundschule Poppenhausen unter Leitung von Rektor i.R. Johannes Neuwirth er\u00f6ffnete auch in diesem Jahr wieder den Festakt des Jahresempfangs der Gemeinde im Von-Steinr\u00fcck-Haus. Anschlie\u00dfend begr\u00fc\u00dfte der Vorsitzende der Gemeindevertretung, Helmuth Sapper, die rund 200 G\u00e4ste. Viele Vertreter des Ehrenamtes, der Vereine, der Kommunalpolitik, der gewerblichen Wirtschaft, des Tourismus, von Medizin und Pflege, von Polizei und Justiz, der Geistlichkeit sowie der Kunst und Kultur hatten sich zur Jahresauftaktveranstaltung eingefunden. Zahlreiche Ehreng\u00e4ste unterstrichen mit ihrer Anwesenheit die Verbundenheit zur Rh\u00f6ngemeinde.<!--more--><\/p>\n<p>In seiner Ansprache ging Helmuth Sapper humorvoll auf die Herausforderungen und Unw\u00e4gbarkeiten des neuen Jahres ein. Dabei lie\u00df er auch die neue Regierungsbildung in Hessen und im Bund nicht au\u00dfen vor. Er glossierte das Farbenspiel einer politischen Koalition und w\u00fcnschte f\u00fcr die Politische Arbeit im Land und im Bund viel Erfolg. Das Endspiel der Fu\u00dfballweltmeisterschaft am 13. Juli in Brasilien sollte man sich schon mal vormerken, denn die Deutschen h\u00e4tten schlie\u00dflich gute Chancen ins Finale zu kommen. Die Menschen h\u00e4tten gute Gr\u00fcnde mit Zuversicht ins neue Jahr zu gehen.<\/p>\n<p><a href=\"http:\/\/www.fuldaer-nachrichten.de\/wp-content\/uploads\/2014\/01\/Jahresempfang3.jpg\"><img decoding=\"async\" class=\"alignleft size-thumbnail wp-image-119014\" alt=\"Jahresempfang3\" src=\"http:\/\/www.fuldaer-nachrichten.de\/wp-content\/uploads\/2014\/01\/Jahresempfang3-265x198.jpg\" width=\"265\" height=\"198\" srcset=\"https:\/\/www.fuldaernachrichten.de\/wp-content\/uploads\/2014\/01\/Jahresempfang3-265x198.jpg 265w, https:\/\/www.fuldaernachrichten.de\/wp-content\/uploads\/2014\/01\/Jahresempfang3.jpg 340w\" sizes=\"(max-width: 265px) 100vw, 265px\" \/><\/a> <a href=\"http:\/\/www.fuldaer-nachrichten.de\/wp-content\/uploads\/2014\/01\/Jahresempfang2.jpg\"><img decoding=\"async\" class=\"alignleft size-thumbnail wp-image-119013\" alt=\"Jahresempfang2\" src=\"http:\/\/www.fuldaer-nachrichten.de\/wp-content\/uploads\/2014\/01\/Jahresempfang2-265x198.jpg\" width=\"265\" height=\"198\" srcset=\"https:\/\/www.fuldaernachrichten.de\/wp-content\/uploads\/2014\/01\/Jahresempfang2-265x198.jpg 265w, https:\/\/www.fuldaernachrichten.de\/wp-content\/uploads\/2014\/01\/Jahresempfang2.jpg 340w\" sizes=\"(max-width: 265px) 100vw, 265px\" \/><\/a>B\u00fcrgermeister Manfred Helfrich nutzte den Jahresempfang gerne, um sich bei all denen zu bedanken, die sich freiwillig und ehrenamtlich f\u00fcr die Belange und das Wohl der Allgemeinheit engagieren. Gleichzeitig gelte es, die Menschen zu motivieren, ihr vorbildliches Handeln fortzusetzen. Die gro\u00dfe Zusammenkunft sei ein Beleg f\u00fcr eine gute Verbundenheit und gelebte Solidarit\u00e4t. Daher habe er allen Grund, dankbar zu sein &#8211; f\u00fcr gute Kontakte und Verbindungen, f\u00fcr ein gutes Miteinander, f\u00fcr Respekt, ja &#8211; gegenseitige Wertsch\u00e4tzung und Unterst\u00fctzung.<\/p>\n<p>In seiner Ansprache f\u00fchrte aus, dass jeder Jahresbeginn ein Neubeginn sei, den die Menschen meist als Chance wahrnehmen w\u00fcrden, etwas in ihrem Leben zu \u00e4ndern, m\u00f6glichst zu verbessern.<\/p>\n<p>Dabei gehe es um eigene Lebensgewohnheiten, das pers\u00f6nliche Umfeld, im Beruf und in der Freizeit oder die Partnerschaft. Mehr Bewegung, das Abnehmen, mit dem Rauchen aufh\u00f6ren, mehr Zeit f\u00fcr sich und die Familie, mehr Ehrgeiz und Erfolg im Beruf \u2013 so k\u00f6nnten einige der Vors\u00e4tze lauten. Die Menschen seien jedenfalls voller Tatendrang, den Herausforderungen des neuen Jahres zu begegnen. Wie dem auch sei, f\u00fcr die Umsetzung \u2013 wenigstens eines Teils der guten Vors\u00e4tze \u2013 w\u00fcnschte er, obwohl der Alltag oft schnell wieder Einzug h\u00e4lt, ein gutes Gelingen.<\/p>\n<p>Er brach eine Lanze f\u00fcr den l\u00e4ndlichen Raum. Denn er bekannte mich mit Leidenschaft f\u00fcr die Belange und Bed\u00fcrfnisse seiner Gemeinde, die Region Fulda-Rh\u00f6n und die hier lebenden Menschen. Die Verantwortlichen w\u00fcrden sich mit Herzblut f\u00fcr Infrastruktur, Nahversorgung und Lebensqualit\u00e4t f\u00fcr alle Generationen engagieren. \u201eNur wenn wir das schaffen, hat der l\u00e4ndliche Raum eine gute Zukunft, f\u00fchlt man sich hier wohl, will man hier gerne leben\u201c, so Manfred Helfrich.<\/p>\n<p><a href=\"http:\/\/www.fuldaer-nachrichten.de\/wp-content\/uploads\/2014\/01\/Jahresempfang5.jpg\"><img loading=\"lazy\" decoding=\"async\" class=\"alignleft size-thumbnail wp-image-119016\" alt=\"Jahresempfang5\" src=\"http:\/\/www.fuldaer-nachrichten.de\/wp-content\/uploads\/2014\/01\/Jahresempfang5-265x198.jpg\" width=\"265\" height=\"198\" srcset=\"https:\/\/www.fuldaernachrichten.de\/wp-content\/uploads\/2014\/01\/Jahresempfang5-265x198.jpg 265w, https:\/\/www.fuldaernachrichten.de\/wp-content\/uploads\/2014\/01\/Jahresempfang5.jpg 340w\" sizes=\"(max-width: 265px) 100vw, 265px\" \/><\/a> <a href=\"http:\/\/www.fuldaer-nachrichten.de\/wp-content\/uploads\/2014\/01\/Jahresempfang1.jpg\"><img loading=\"lazy\" decoding=\"async\" class=\"alignleft size-thumbnail wp-image-119012\" alt=\"Jahresempfang1\" src=\"http:\/\/www.fuldaer-nachrichten.de\/wp-content\/uploads\/2014\/01\/Jahresempfang1-265x198.jpg\" width=\"265\" height=\"198\" srcset=\"https:\/\/www.fuldaernachrichten.de\/wp-content\/uploads\/2014\/01\/Jahresempfang1-265x198.jpg 265w, https:\/\/www.fuldaernachrichten.de\/wp-content\/uploads\/2014\/01\/Jahresempfang1.jpg 340w\" sizes=\"(max-width: 265px) 100vw, 265px\" \/><\/a>Das vergangene Jahr sei wirklich kein schlechtes Jahr gewesen. In 2013 h\u00e4tte man in gemeinsamer Kraftanstrengung direkt oder indirekt dazu beigetragen, dass sich die Gemeinde Poppenhausen weiterentwickelte. Dabei war man durch die gute Erreichbarkeit des Oberzentrums Fulda und die herrliche Lage im Talkessel des oberen L\u00fcttertales beg\u00fcnstigt.<\/p>\n<p>Als Beispiele nannte er die St\u00e4rkung der Ortsmitte durch die Investition der Fa. Pappert mit Neubau der Fachgesch\u00e4fte f\u00fcr Metzgerei, B\u00e4ckerei und Bistro, der Bau der Terrasse der Kunst und Kultur, die Anlegung des Poppenhausener Fr\u00fcchtepfades, die Belegung der neuen Wohnanlage, die Planung f\u00fcr den Neubau eines Hotels, die Fertigstellung der Abwasseranlagen im weit verzweigten Gemeindegebiet, der Verkauf von Baupl\u00e4tzen und die Erschlie\u00dfung der Gewerbefl\u00e4che Steinwiesen.<\/p>\n<p>Im neuen Jahr freue man sich z.B. auf die Durchf\u00fchrung von Dorferneuerungsma\u00dfnahmen, die Erweiterung des Feuerwehrhauses Steinwand und den Umbau der Einm\u00fcndung Georgstra\u00dfe\/Marienstra\u00dfe, die Erweiterung des tegut-Marktes und die Sanierung und Modernisierung der Kreissporthalle durch den Landkreis Fulda sowie den Beginn des Ausbaus der Breitbandversorgung.<\/p>\n<p>Der Bundestagsabgeordnete Michael Brand stellte die gesellschaftspolitische Bedeutung des Ehrenamtes heraus, das vor Ort und global die Welt am Laufen halte.<\/p>\n<p>Er lobte das vielf\u00e4ltige soziale Engagement in der Gemeinde Poppenhausen, das er als vorbildlich und beispielhaft bezeichnete. Besonders beeindruckend waren seine Detailkenntnisse \u00fcber die Entwicklung der Rh\u00f6ngemeinde, mit der er sich eng verbunden f\u00fchle. Er best\u00e4tigte den vom B\u00fcrgermeister gerne ge\u00e4u\u00dferten Slogan\u00c2\u00a0 \u201e\u00e2\u20ac\u00a6,dort wo die Rh\u00f6n besonders sch\u00f6n ist\u201c.<\/p>\n<p><a href=\"http:\/\/www.fuldaer-nachrichten.de\/wp-content\/uploads\/2014\/01\/Jahresempfang6.jpg\"><img loading=\"lazy\" decoding=\"async\" class=\"alignleft size-thumbnail wp-image-119017\" alt=\"Jahresempfang6\" src=\"http:\/\/www.fuldaer-nachrichten.de\/wp-content\/uploads\/2014\/01\/Jahresempfang6-265x198.jpg\" width=\"265\" height=\"198\" srcset=\"https:\/\/www.fuldaernachrichten.de\/wp-content\/uploads\/2014\/01\/Jahresempfang6-265x198.jpg 265w, https:\/\/www.fuldaernachrichten.de\/wp-content\/uploads\/2014\/01\/Jahresempfang6.jpg 340w\" sizes=\"(max-width: 265px) 100vw, 265px\" \/><\/a>F\u00fcr reichlich \u00dcberraschung sorgte der Besuch von Ufuk Ekici, Generalkonsul der Republik T\u00fcrkei mit Sitz in Frankfurt. Poppenhausen hat gerade einmal 1,9 % an B\u00fcrgern mit Migrationshintergrund und nur einen einzigen t\u00fcrkischst\u00e4mmigen Einwohner. Dabei hat die Verbindung von Ufuk Ekici zu Poppenhausen eine ganz andere und plausible Ursache. Er hat n\u00e4mlich einen gro\u00dfen Teil seiner Kindheit und Jugend in der Rh\u00f6ngemeinde verbracht. Seine Familie kam Anfang der 70-er Jahre\u00c2\u00a0 nach Poppenhausen und kehrte 1987 wieder in die T\u00fcrkei zur\u00fcck, nachdem Ufuk die mittlere Reife und seine j\u00fcngere Schwester Funda die Grundschule absolviert hatte.<\/p>\n<p>In der T\u00fcrkei machte er das Abitur und studierte Internationale Beziehungen. Sein Berufswunsch, Diplomat zu werden, konnte 1993 nach Abschluss der Hochschule erf\u00fcllt werden. Berufliche Stationen waren S\u00fcdafrika, Thailand und das Au\u00dfenministerium in Ankara, bevor er zum Generalkonsulat nach Stuttgart wechselte und anschlie\u00dfend f\u00fcr die Botschaft seines Landes in Wien t\u00e4tig war. Seit einem Jahr ist Ufuk Ekici der Generalkonsul der Republik T\u00fcrkei in Frankfurt. Und dort ist er f\u00fcr fast 40.000 Menschen mit t\u00fcrkischem Pass oder t\u00fcrkischen Wurzeln t\u00e4tig.<\/p>\n<p>Am Nachmittag hatte er sich auf Einladung des B\u00fcrgermeisters bereits mit einigen Mandatstr\u00e4gern, dem Pfarrer im Ruhestand Erwin Lachnit und auch ehemaligen Schulkameraden getroffen und ausgetauscht.<\/p>\n<p>Obwohl er bereits vor gut 26 Jahren Poppenhausen verlassen hatte, konnten die Erinnerungen an die Jugendzeit rasch aufgefrischt werden. Er plauderte \u00fcber die Schulzeit, sein Engagement in den \u00f6rtlichen Sportvereinen und die Begegnungen und Erfahrungen mit Menschen. Seine Familie sei in Poppenhausen sehr freundlich aufgenommen worden und es h\u00e4tten sich zahlreiche Freundschaften entwickelt.<\/p>\n<p>Ufuk Edici hat Kassiere gemacht. Und doch zeigte er sich einfach, zur\u00fcckhaltend, sehr offen, lustig und insgesamt sehr sympathisch. In seinem Gru\u00dfwort lie\u00df er keinen Zweifel an der tiefgr\u00fcndigen Verbundenheit zu Poppenhausen und den Menschen. Er war davon \u00fcberzeugt, dass er in der Rh\u00f6ngemeinde die Grundlagen f\u00fcr sein Werteempfinden und seine pers\u00f6nliche Entwicklung erhalten habe.\u00c2\u00a0 Seine Ausf\u00fchrungen waren leise, emotional und bewegend. \u201eIhr in Poppenhausen seid von Gott gesegnet, dass Ihr in so einer guten Gemeinschaft, in einer so sch\u00f6nen Gemeinde und einer so herrlichen Landschaft leben d\u00fcrft. Ich w\u00fcnsche Euch und Poppenhausen eine gute Zukunft. Ich hoffe, dass ich Euch bald wieder besuchen kann \u201c, so Ufuk Ekici, der sich wie ein \u201eSohn\u201c der Gemeinde gab.<\/p>\n<p>Landrat Bernd Woide lobte in seinem Gru\u00dfwort die Aktivit\u00e4ten der lebendigen Gemeinde, die sich mit \u201espr\u00fchenden Ideen weiterentwickele. Er stellte die Verantwortung des Landkreises f\u00fcr den l\u00e4ndlichen Raum heraus und belegte dies beispielhaft mit der Unterst\u00fctzung f\u00fcr eine fl\u00e4chendeckende Breitbandversorgung, die bis 2016 durch die Rh\u00f6nEnergie auch in der Gemeinde Poppenhausen realisiert werde. Weiterhin berichtete er launig, wie er vom B\u00fcrgermeister zur Sanierung und Modernisierung der Kreissporthalle \u201everpflichtet\u201c wurde.<\/p>\n<p>Als Geste des Dankes wurde den Gastredner eine Zusammenstellung regionaler kulinarischer Qualit\u00e4tsprodukte mit auf den Weg gegeben. F\u00fcr die musikalische Umrahmung konnte das Saxophon-Quartett \u201eSax and more\u201c unter der Leitung von Willi Gen\u00dfler gewonnen werden.<\/p>\n<p>Nach dem offiziellen Teil versorgten Manfred und Elisabeth Laudenbach vom Fuldaer Haus die G\u00e4ste mit einem kleinen Imbiss und das Thekenteam reichte eine Getr\u00e4nkeauswahl. In geselliger Runde freute man sich \u00fcber die Begegnungen und hatte man sich noch lange etwas zu erz\u00e4hlen.<\/p>\n<p>&nbsp;<\/p>\n<p>&nbsp;<\/p>\n<p>&nbsp;<\/p>\n","protected":false},"excerpt":{"rendered":"<div class=\"tmnf_excerpt\"><p>Poppenhausen (Wasserkuppe). Der Chor der Grundschule Poppenhausen unter Leitung von Rektor i.R. Johannes Neuwirth er\u00f6ffnete auch in diesem Jahr wieder den Festakt des Jahresempfangs der Gemeinde im Von-Steinr\u00fcck-Haus. Anschlie\u00dfend begr\u00fc\u00dfte der Vorsitzende der Gemeindevertretung, Helmuth Sapper, die rund 200 G\u00e4ste. Viele Vertreter des Ehrenamtes, der Vereine, der Kommunalpolitik, der gewerblichen Wirtschaft, des Tourismus, von Medizin &hellip;<\/p>\n<\/div>","protected":false},"author":1,"featured_media":0,"comment_status":"closed","ping_status":"closed","sticky":false,"template":"","format":"standard","meta":{"footnotes":""},"categories":[1,29],"tags":[],"class_list":["post-119011","post","type-post","status-publish","format-standard","hentry","category-startseite","category-politik"],"_links":{"self":[{"href":"https:\/\/www.fuldaernachrichten.de\/index.php?rest_route=\/wp\/v2\/posts\/119011","targetHints":{"allow":["GET"]}}],"collection":[{"href":"https:\/\/www.fuldaernachrichten.de\/index.php?rest_route=\/wp\/v2\/posts"}],"about":[{"href":"https:\/\/www.fuldaernachrichten.de\/index.php?rest_route=\/wp\/v2\/types\/post"}],"author":[{"embeddable":true,"href":"https:\/\/www.fuldaernachrichten.de\/index.php?rest_route=\/wp\/v2\/users\/1"}],"replies":[{"embeddable":true,"href":"https:\/\/www.fuldaernachrichten.de\/index.php?rest_route=%2Fwp%2Fv2%2Fcomments&post=119011"}],"version-history":[{"count":1,"href":"https:\/\/www.fuldaernachrichten.de\/index.php?rest_route=\/wp\/v2\/posts\/119011\/revisions"}],"predecessor-version":[{"id":119018,"href":"https:\/\/www.fuldaernachrichten.de\/index.php?rest_route=\/wp\/v2\/posts\/119011\/revisions\/119018"}],"wp:attachment":[{"href":"https:\/\/www.fuldaernachrichten.de\/index.php?rest_route=%2Fwp%2Fv2%2Fmedia&parent=119011"}],"wp:term":[{"taxonomy":"category","embeddable":true,"href":"https:\/\/www.fuldaernachrichten.de\/index.php?rest_route=%2Fwp%2Fv2%2Fcategories&post=119011"},{"taxonomy":"post_tag","embeddable":true,"href":"https:\/\/www.fuldaernachrichten.de\/index.php?rest_route=%2Fwp%2Fv2%2Ftags&post=119011"}],"curies":[{"name":"wp","href":"https:\/\/api.w.org\/{rel}","templated":true}]}}