{"id":118981,"date":"2014-01-24T06:05:45","date_gmt":"2014-01-24T06:05:45","guid":{"rendered":"http:\/\/www.fuldaer-nachrichten.de\/?p=118981"},"modified":"2014-01-24T06:05:45","modified_gmt":"2014-01-24T06:05:45","slug":"endspurt-fuer-seiteneinsteiger-ohne-abitur-bewerbungsfirst-fuer-hochschulzugangspruefung-endet-am-15-februar","status":"publish","type":"post","link":"https:\/\/www.fuldaernachrichten.de\/?p=118981","title":{"rendered":"Endspurt f\u00fcr Seiteneinsteiger ohne Abitur: Bewerbungsfirst f\u00fcr Hochschulzugangspr\u00fcfung endet am 15. Februar"},"content":{"rendered":"<p>Fulda. Wer nach abgeschlossener Berufsausbildung und einigen Jahre Berufserfahrung im Gesundheits-, Pflege- oder Therapiebereich ein Studium beginnen m\u00f6chte, kann sich an der Hochschule Fulda noch bis 15. Februar f\u00fcr die hessenweite Hochschulzugangspr\u00fcfung bewerben. Die Pr\u00fcfung ist Voraussetzung, um sich an einer hessischen Hochschule auf einen Studienplatz zu bewerben, der eine fachliche N\u00e4he zum Beruf ausweist. \u00dcber die jeweiligen Details der hessenweiten Hochschulzugangspr\u00fcfung f\u00fcr andere Fachgebiete informiert die Zentrale Studienberatung der Hochschule Fulda: Katrin Wahl Tel.: 0661 9640 9340, E-Mail: katrin.wahl@verw.hs-fulda.de.<\/p>\n<p>&nbsp;<\/p>\n","protected":false},"excerpt":{"rendered":"<div class=\"tmnf_excerpt\"><p>Fulda. Wer nach abgeschlossener Berufsausbildung und einigen Jahre Berufserfahrung im Gesundheits-, Pflege- oder Therapiebereich ein Studium beginnen m\u00f6chte, kann sich an der Hochschule Fulda noch bis 15. Februar f\u00fcr die hessenweite Hochschulzugangspr\u00fcfung bewerben. Die Pr\u00fcfung ist Voraussetzung, um sich an einer hessischen Hochschule auf einen Studienplatz zu bewerben, der eine fachliche N\u00e4he zum Beruf ausweist. &hellip;<\/p>\n<\/div>","protected":false},"author":1,"featured_media":0,"comment_status":"closed","ping_status":"closed","sticky":false,"template":"","format":"standard","meta":{"footnotes":""},"categories":[1,48],"tags":[],"class_list":["post-118981","post","type-post","status-publish","format-standard","hentry","category-startseite","category-forschung"],"_links":{"self":[{"href":"https:\/\/www.fuldaernachrichten.de\/index.php?rest_route=\/wp\/v2\/posts\/118981","targetHints":{"allow":["GET"]}}],"collection":[{"href":"https:\/\/www.fuldaernachrichten.de\/index.php?rest_route=\/wp\/v2\/posts"}],"about":[{"href":"https:\/\/www.fuldaernachrichten.de\/index.php?rest_route=\/wp\/v2\/types\/post"}],"author":[{"embeddable":true,"href":"https:\/\/www.fuldaernachrichten.de\/index.php?rest_route=\/wp\/v2\/users\/1"}],"replies":[{"embeddable":true,"href":"https:\/\/www.fuldaernachrichten.de\/index.php?rest_route=%2Fwp%2Fv2%2Fcomments&post=118981"}],"version-history":[{"count":1,"href":"https:\/\/www.fuldaernachrichten.de\/index.php?rest_route=\/wp\/v2\/posts\/118981\/revisions"}],"predecessor-version":[{"id":118982,"href":"https:\/\/www.fuldaernachrichten.de\/index.php?rest_route=\/wp\/v2\/posts\/118981\/revisions\/118982"}],"wp:attachment":[{"href":"https:\/\/www.fuldaernachrichten.de\/index.php?rest_route=%2Fwp%2Fv2%2Fmedia&parent=118981"}],"wp:term":[{"taxonomy":"category","embeddable":true,"href":"https:\/\/www.fuldaernachrichten.de\/index.php?rest_route=%2Fwp%2Fv2%2Fcategories&post=118981"},{"taxonomy":"post_tag","embeddable":true,"href":"https:\/\/www.fuldaernachrichten.de\/index.php?rest_route=%2Fwp%2Fv2%2Ftags&post=118981"}],"curies":[{"name":"wp","href":"https:\/\/api.w.org\/{rel}","templated":true}]}}