{"id":118915,"date":"2014-01-22T00:09:18","date_gmt":"2014-01-22T00:09:18","guid":{"rendered":"http:\/\/www.fuldaer-nachrichten.de\/?p=118915"},"modified":"2014-01-21T17:11:11","modified_gmt":"2014-01-21T17:11:11","slug":"verbaende-und-vereine-aktiv-beim-kinderschutz-jugendaemter-informieren-ab-februar-im-detail-ueber-das-bundeskinderschutzgesetz","status":"publish","type":"post","link":"https:\/\/www.fuldaernachrichten.de\/?p=118915","title":{"rendered":"Verb\u00e4nde und Vereine aktiv beim Kinderschutz &#8211; Jugend\u00e4mter informieren ab Februar im Detail \u00fcber das Bundeskinderschutzgesetz"},"content":{"rendered":"<p><a href=\"http:\/\/www.fuldaer-nachrichten.de\/wp-content\/uploads\/2014\/01\/140121_Jugenda\u00cc\u02c6mter.jpg\"><img fetchpriority=\"high\" decoding=\"async\" class=\"alignnone size-full wp-image-118917\" alt=\"140121_Jugenda\u00cc\u02c6mter\" src=\"http:\/\/www.fuldaer-nachrichten.de\/wp-content\/uploads\/2014\/01\/140121_Jugenda\u00cc\u02c6mter.jpg\" width=\"560\" height=\"250\" \/><\/a><\/p>\n<p>Fulda. Kinderschutz in gemeinsamer Verantwortung!\u201c So lautet das Motto des Bundeskinderschutzgesetzes, das im Januar 2012 in Kraft getreten ist. Als Kerninstitution des Kinderschutzes sind die Jugend\u00e4mter in der Verantwortung, Verbindlichkeiten in Zusammenarbeit mit verschiedenen Akteuren zu schaffen. Dazu z\u00e4hlen unter anderem die in der Jugendarbeit t\u00e4tigen Verb\u00e4nde und Vereine.<!--more--><\/p>\n<p>Obwohl diese mit ihren unterschiedlichen Angeboten eine zentrale Bedeutung in der individuellen Entwicklung von Kindern und Jugendlichen einnehmen, bewegten sie sich in Sachen Kinderschutz lange Zeit in einem rechtlich ungesch\u00fctzten Raum. Denn es fehlten verbindliche Standards zum aktiven Schutz des Kindeswohls.<\/p>\n<p>Das neue Gesetz, das nach den bundesweit bekannt gewordenen Missbrauchsf\u00e4llen in Schulen, Heimen sowie Vereinen auf den Weg gebracht wurde und auf den beiden S\u00e4ulen Pr\u00e4vention und Intervention aufbaut, schafft nicht nur mehr Handlungs- und Rechtssicherheit, sondern definiert auch entsprechende Qualit\u00e4tsstandards f\u00fcr die Jugendarbeit.<\/p>\n<p>So verpflichtet das Bundeskinderschutzgesetz die in der Jugendarbeit t\u00e4tigen Verb\u00e4nde und Vereine, daf\u00fcr zu sorgen, dass in ihrem Verantwortungsbereich keine vorbestraften Sexualstraft\u00e4ter t\u00e4tig werden. Als \u201eKontroll-Instrument\u201c sieht das Gesetz das erweiterte polizeiliche F\u00fchrungszeugnis vor.<\/p>\n<p>nn-Katrin Michel, die bei der Jugendf\u00f6rderung des Landkreises Fulda f\u00fcr den pr\u00e4ventiven Jugendschutz verantwortlich ist, erkl\u00e4rt: \u201eVerbindlichkeit soll eine Mustervereinbarung schaffen, die der Verein oder Verband mit dem zust\u00e4ndigen Jugendamt als Tr\u00e4ger der \u00f6ffentlichen Jugendhilfe schlie\u00dft. Mit der Vereinbarung bringen wir das Gesetz, dessen Intention es ist, p\u00e4dophile T\u00e4ter aus der Jugendarbeit auszuschlie\u00dfen, in eine greifbare Form.\u201c Die Vereinbarung sei mittlerweile Bestandteil der F\u00f6rderrichtlinien des Landkreises und definiere beispielsweise Ziele, Details zur Risikoeinsch\u00e4tzung und der daraus resultierenden Vorlage des F\u00fchrungszeugnisses sowie Empfehlungen zu den Bereichen Sensibilisierung, Pr\u00e4vention und Intervention<\/p>\n<p>Grunds\u00e4tzlich gehe es darum, das Thema Kinderschutz noch mehr in den Fokus der Vereins- beziehungsweise Verbandsarbeit zu r\u00fccken und mehr Sicherheit, zum Beispiel im Umgang mit Verdachtsf\u00e4llen, zu entwickeln. \u201eZiel ist es, ein tragf\u00e4higes Netzwerk zu schaffen, so dass \u00dcbergriffe auf Kinder und Jugendliche schnellstm\u00f6glich aufgedeckt werden oder erst gar nicht auftreten\u201c, betont Ann-Katrin Michel.<\/p>\n<p>Netzwerkpartner ist neben dem Jugendamt des Landkreises Fulda auch das Jugendamt der Stadt Fulda mit Ansprechpartner Daniel Hunold. \u201eIm Rahmen der Pr\u00e4ventionskonzepte gibt es zwischen den beteiligten Partnern sehr viele Ber\u00fchrungspunkte, so dass wir auch gemeinsame Vorgehensregeln erarbeitet haben\u201c, erl\u00e4utert Ann-Katrin Michel.<\/p>\n<p>Weil das Thema komplex und das Gesetz aus Perspektive der Praktiker noch immer in der Entwicklungsphase ist, finden ab Februar Infoveranstaltungen zum Thema Bundeskinderschutzgesetz statt. Die Ansprechpartner von Landkreis und Stadt Fulda wollen die Vereine und Verb\u00e4nde vor Ort in den Gemeinden bzw. Stadtteilen informieren und im Detail auf das Gesetz und die Mustervereinbarung eingehen. (Dorit Heydenreich\/ Foto: Hessischer Jugendring)<\/p>\n<p align=\"right\">\n<p>&nbsp;<\/p>\n","protected":false},"excerpt":{"rendered":"<div class=\"tmnf_excerpt\"><p>Fulda. Kinderschutz in gemeinsamer Verantwortung!\u201c So lautet das Motto des Bundeskinderschutzgesetzes, das im Januar 2012 in Kraft getreten ist. Als Kerninstitution des Kinderschutzes sind die Jugend\u00e4mter in der Verantwortung, Verbindlichkeiten in Zusammenarbeit mit verschiedenen Akteuren zu schaffen. Dazu z\u00e4hlen unter anderem die in der Jugendarbeit t\u00e4tigen Verb\u00e4nde und Vereine.<\/p>\n<\/div>","protected":false},"author":1,"featured_media":0,"comment_status":"closed","ping_status":"closed","sticky":false,"template":"","format":"standard","meta":{"footnotes":""},"categories":[1,72,78],"tags":[],"class_list":["post-118915","post","type-post","status-publish","format-standard","hentry","category-startseite","category-jugend","category-topthema"],"_links":{"self":[{"href":"https:\/\/www.fuldaernachrichten.de\/index.php?rest_route=\/wp\/v2\/posts\/118915","targetHints":{"allow":["GET"]}}],"collection":[{"href":"https:\/\/www.fuldaernachrichten.de\/index.php?rest_route=\/wp\/v2\/posts"}],"about":[{"href":"https:\/\/www.fuldaernachrichten.de\/index.php?rest_route=\/wp\/v2\/types\/post"}],"author":[{"embeddable":true,"href":"https:\/\/www.fuldaernachrichten.de\/index.php?rest_route=\/wp\/v2\/users\/1"}],"replies":[{"embeddable":true,"href":"https:\/\/www.fuldaernachrichten.de\/index.php?rest_route=%2Fwp%2Fv2%2Fcomments&post=118915"}],"version-history":[{"count":1,"href":"https:\/\/www.fuldaernachrichten.de\/index.php?rest_route=\/wp\/v2\/posts\/118915\/revisions"}],"predecessor-version":[{"id":118918,"href":"https:\/\/www.fuldaernachrichten.de\/index.php?rest_route=\/wp\/v2\/posts\/118915\/revisions\/118918"}],"wp:attachment":[{"href":"https:\/\/www.fuldaernachrichten.de\/index.php?rest_route=%2Fwp%2Fv2%2Fmedia&parent=118915"}],"wp:term":[{"taxonomy":"category","embeddable":true,"href":"https:\/\/www.fuldaernachrichten.de\/index.php?rest_route=%2Fwp%2Fv2%2Fcategories&post=118915"},{"taxonomy":"post_tag","embeddable":true,"href":"https:\/\/www.fuldaernachrichten.de\/index.php?rest_route=%2Fwp%2Fv2%2Ftags&post=118915"}],"curies":[{"name":"wp","href":"https:\/\/api.w.org\/{rel}","templated":true}]}}