{"id":118902,"date":"2014-01-22T00:13:40","date_gmt":"2014-01-22T00:13:40","guid":{"rendered":"http:\/\/www.fuldaer-nachrichten.de\/?p=118902"},"modified":"2014-01-21T16:52:26","modified_gmt":"2014-01-21T16:52:26","slug":"arbeitsgruppe-gesundheit-und-pflege-trifft-sich-in-lauterbach-3","status":"publish","type":"post","link":"https:\/\/www.fuldaernachrichten.de\/?p=118902","title":{"rendered":"Arbeitsgruppe \u201eGesundheit und Pflege\u201c trifft sich in Lauterbach"},"content":{"rendered":"<p>Lauterbach. Das Handlungsfeld \u201eGesundheit und Pflege\u201c im Familienb\u00fcndnis l\u00e4dt zum 25. Treffen der Arbeitsgruppe am 28. Januar, 16 Uhr, nach Lauterbach in den Sitzungssaal des Landratsamtes ein. In der Sitzung wird berichtet \u00fcber die Arbeit des B\u00fcndnisses. Des Weiteren soll die Diskussion zum Thema Fachkr\u00e4ftegewinnung weitergef\u00fchrt werden. Hierzu ist ein Vertreter der Vogelsberg Consult GmbH eingeladen. Die Sprecher der Gruppe, Heike Bohl und Hans-Dieter Herget, hoffen auf regen Zuspruch. Informationen \u00fcber die Koordinierungsstelle des Familienb\u00fcndnisses in der Kreisverwaltung: Telefon 06641\/977-3404, sandra.obenhack@vogelsbergkreis.de.<\/p>\n","protected":false},"excerpt":{"rendered":"<div class=\"tmnf_excerpt\"><p>Lauterbach. Das Handlungsfeld \u201eGesundheit und Pflege\u201c im Familienb\u00fcndnis l\u00e4dt zum 25. Treffen der Arbeitsgruppe am 28. Januar, 16 Uhr, nach Lauterbach in den Sitzungssaal des Landratsamtes ein. In der Sitzung wird berichtet \u00fcber die Arbeit des B\u00fcndnisses. Des Weiteren soll die Diskussion zum Thema Fachkr\u00e4ftegewinnung weitergef\u00fchrt werden. Hierzu ist ein Vertreter der Vogelsberg Consult GmbH &hellip;<\/p>\n<\/div>","protected":false},"author":1,"featured_media":0,"comment_status":"closed","ping_status":"closed","sticky":false,"template":"","format":"standard","meta":{"footnotes":""},"categories":[1,51],"tags":[],"class_list":["post-118902","post","type-post","status-publish","format-standard","hentry","category-startseite","category-medizin"],"_links":{"self":[{"href":"https:\/\/www.fuldaernachrichten.de\/index.php?rest_route=\/wp\/v2\/posts\/118902","targetHints":{"allow":["GET"]}}],"collection":[{"href":"https:\/\/www.fuldaernachrichten.de\/index.php?rest_route=\/wp\/v2\/posts"}],"about":[{"href":"https:\/\/www.fuldaernachrichten.de\/index.php?rest_route=\/wp\/v2\/types\/post"}],"author":[{"embeddable":true,"href":"https:\/\/www.fuldaernachrichten.de\/index.php?rest_route=\/wp\/v2\/users\/1"}],"replies":[{"embeddable":true,"href":"https:\/\/www.fuldaernachrichten.de\/index.php?rest_route=%2Fwp%2Fv2%2Fcomments&post=118902"}],"version-history":[{"count":1,"href":"https:\/\/www.fuldaernachrichten.de\/index.php?rest_route=\/wp\/v2\/posts\/118902\/revisions"}],"predecessor-version":[{"id":118903,"href":"https:\/\/www.fuldaernachrichten.de\/index.php?rest_route=\/wp\/v2\/posts\/118902\/revisions\/118903"}],"wp:attachment":[{"href":"https:\/\/www.fuldaernachrichten.de\/index.php?rest_route=%2Fwp%2Fv2%2Fmedia&parent=118902"}],"wp:term":[{"taxonomy":"category","embeddable":true,"href":"https:\/\/www.fuldaernachrichten.de\/index.php?rest_route=%2Fwp%2Fv2%2Fcategories&post=118902"},{"taxonomy":"post_tag","embeddable":true,"href":"https:\/\/www.fuldaernachrichten.de\/index.php?rest_route=%2Fwp%2Fv2%2Ftags&post=118902"}],"curies":[{"name":"wp","href":"https:\/\/api.w.org\/{rel}","templated":true}]}}