{"id":118791,"date":"2014-02-24T07:54:54","date_gmt":"2014-02-24T07:54:54","guid":{"rendered":"http:\/\/www.fuldaer-nachrichten.de\/?p=118791"},"modified":"2014-02-24T07:54:54","modified_gmt":"2014-02-24T07:54:54","slug":"burghaun-rhoenenergie-beginnt-mit-planungen-zum-breitbandausbau","status":"publish","type":"post","link":"https:\/\/www.fuldaernachrichten.de\/?p=118791","title":{"rendered":"Burghaun: Rh\u00f6nEnergie beginnt mit  Planungen zum Breitbandausbau"},"content":{"rendered":"<p>Burghaun. Der Gemeindevorstand der Marktgemeinde Burghaun hat mit dem regionalen Energieversorger Rh\u00f6nEnergie Fulda Kontakt aufgenommen, um eine weitergehende Zusammenarbeit im Bereich des Breitbandausbaus zu pr\u00fcfen. Zwischenzeitlich hat B\u00fcrgermeister Alexander Hohmann in einem pers\u00f6nlichen Gespr\u00e4ch mit den verantwortlichen Mitarbeitern des Energieversorgers die weitere Vorgehensweise abgestimmt, die nun durch die Rh\u00f6nEnergie best\u00e4tigt wurde.<!--more--><\/p>\n<p>Demnach wird die Rh\u00f6nEnergie in den n\u00e4chsten Monaten die notwendigen Planungen erstellen und die hierzu erforderlichen Berechnungen f\u00fcr das Gemeindegebiet vornehmen. Es ist geplant, dass die Rh\u00f6nEnergie ggf. die vorhandenen Kabelverzweiger der Deutschen Telekom im gesamten Gemeindegebiet mit moderner Technik ausstattet und aufr\u00fcstet. Parallel dazu ist geplant, den Ausbau des Glasfasernetzes voranzutreiben, wobei vorrangig bei Bauma\u00dfnahmen entlang von Kabeltrassen durch die Rh\u00f6nEnergie die Verlegung von Glasfaserkabeln und damit der FTTH-Ausbau vorbereitet wird. Anlieger k\u00f6nnen sich anschlie\u00dfend gegen einen Baukostenzuschuss das Glasfaserkabel bis in die H\u00e4user legen lassen. Mittelfristig wird so eine Bandbreite von bis zu 50 Mbit\/s im gesamten Gemeindegebiet erreicht.<\/p>\n<p>Bereits vor einigen Jahren hatte die Marktgemeinde Burghaun mit der Deutschen Telekom einen Vertrag abgeschlossen, der das Ziel hatte, den Brandbandausbau\u00c2\u00a0 mit 16.000er DSl zu entwickeln. Weitestgehend ist dieser abgeschlossen, wobei sich die aktuell notwendigen Bandbreiten auf Grund der Datenmengen deutlich nach oben entwickelt haben und so eine erneute Initiative notwendig wird.<\/p>\n<p>\u201eDa sich die Deutsche Telekom in den kommenden Monaten nur bereit erkl\u00e4rt hat, im Vorwahlbereich 06652 zu investieren m\u00fcssen wir Alternativen suchen. Da auch der Vorwahlbereich 06653, also der Kiebitzgrund, eine deutlich Verbesserung der Breitbandversorgung erfahren muss, bin ich der Rh\u00f6nEnergie sehr dankbar, dass sie sich bereit erkl\u00e4rt hat, auch in Burghaun in dieses wichtige Zukunftsthema einzusteigen\u201c, erkl\u00e4rt Burghauns B\u00fcrgermeister Alexander Hohmann abschlie\u00dfend.<\/p>\n","protected":false},"excerpt":{"rendered":"<div class=\"tmnf_excerpt\"><p>Burghaun. Der Gemeindevorstand der Marktgemeinde Burghaun hat mit dem regionalen Energieversorger Rh\u00f6nEnergie Fulda Kontakt aufgenommen, um eine weitergehende Zusammenarbeit im Bereich des Breitbandausbaus zu pr\u00fcfen. Zwischenzeitlich hat B\u00fcrgermeister Alexander Hohmann in einem pers\u00f6nlichen Gespr\u00e4ch mit den verantwortlichen Mitarbeitern des Energieversorgers die weitere Vorgehensweise abgestimmt, die nun durch die Rh\u00f6nEnergie best\u00e4tigt wurde.<\/p>\n<\/div>","protected":false},"author":1,"featured_media":0,"comment_status":"closed","ping_status":"closed","sticky":false,"template":"","format":"standard","meta":{"footnotes":""},"categories":[1,29],"tags":[],"class_list":["post-118791","post","type-post","status-publish","format-standard","hentry","category-startseite","category-politik"],"_links":{"self":[{"href":"https:\/\/www.fuldaernachrichten.de\/index.php?rest_route=\/wp\/v2\/posts\/118791","targetHints":{"allow":["GET"]}}],"collection":[{"href":"https:\/\/www.fuldaernachrichten.de\/index.php?rest_route=\/wp\/v2\/posts"}],"about":[{"href":"https:\/\/www.fuldaernachrichten.de\/index.php?rest_route=\/wp\/v2\/types\/post"}],"author":[{"embeddable":true,"href":"https:\/\/www.fuldaernachrichten.de\/index.php?rest_route=\/wp\/v2\/users\/1"}],"replies":[{"embeddable":true,"href":"https:\/\/www.fuldaernachrichten.de\/index.php?rest_route=%2Fwp%2Fv2%2Fcomments&post=118791"}],"version-history":[{"count":2,"href":"https:\/\/www.fuldaernachrichten.de\/index.php?rest_route=\/wp\/v2\/posts\/118791\/revisions"}],"predecessor-version":[{"id":120081,"href":"https:\/\/www.fuldaernachrichten.de\/index.php?rest_route=\/wp\/v2\/posts\/118791\/revisions\/120081"}],"wp:attachment":[{"href":"https:\/\/www.fuldaernachrichten.de\/index.php?rest_route=%2Fwp%2Fv2%2Fmedia&parent=118791"}],"wp:term":[{"taxonomy":"category","embeddable":true,"href":"https:\/\/www.fuldaernachrichten.de\/index.php?rest_route=%2Fwp%2Fv2%2Fcategories&post=118791"},{"taxonomy":"post_tag","embeddable":true,"href":"https:\/\/www.fuldaernachrichten.de\/index.php?rest_route=%2Fwp%2Fv2%2Ftags&post=118791"}],"curies":[{"name":"wp","href":"https:\/\/api.w.org\/{rel}","templated":true}]}}