{"id":118498,"date":"2014-01-07T00:09:18","date_gmt":"2014-01-07T00:09:18","guid":{"rendered":"http:\/\/www.fuldaer-nachrichten.de\/?p=118498"},"modified":"2015-02-18T20:32:57","modified_gmt":"2015-02-18T19:32:57","slug":"buergerkino-verbindet-generationen-verein-miteinander-fuereinander-oberes-fuldatal-e-v-macht-ziele-erlebbar","status":"publish","type":"post","link":"https:\/\/www.fuldaernachrichten.de\/?p=118498","title":{"rendered":"B\u00fcrgerkino verbindet Generationen &#8211; Verein Miteinander-F\u00fcreinander Oberes Fuldatal e.V. macht Ziele erlebbar"},"content":{"rendered":"<p><a href=\"http:\/\/www.fuldaer-nachrichten.de\/wp-content\/uploads\/2014\/01\/004-Buergerkino.jpg\"><img fetchpriority=\"high\" decoding=\"async\" class=\"alignnone size-full wp-image-118499\" src=\"http:\/\/www.fuldaer-nachrichten.de\/wp-content\/uploads\/2014\/01\/004-Buergerkino.jpg\" alt=\"004-Buergerkino\" width=\"560\" height=\"360\" \/><\/a><\/p>\n<p>Schmalnau. \u201eDie Sch\u00e2\u20ac\u2122tis\u201c haben dem Verein Miteinander-F\u00fcreinander Oberes Fuldatal e.V. im Oktober 2009 einen Projektauftakt nach Ma\u00df beschert. \u00dcber 60 Filmfans waren damals zum ersten B\u00fcrgerkino-Abend des Vereins gekommen, um die unterhaltsame franz\u00f6sische Kom\u00f6die zu sehen. Inzwischen geht das Kinoprojekt, das nicht nur Filmliebhaber, sondern auch Generationen verbindet, in seine f\u00fcnfte Saison.<!--more--><\/p>\n<p>\u00d6ffentlichkeitsarbeit f\u00fcr die Kinoabende zu machen, hei\u00dft eigentlich Eulen nach Athen zu tragen, denn \u00fcber die Resonanz kann sich der Verein bzw. das verantwortliche Filmteam nicht beschweren. \u201eDas F\u00fcllen des Hauses ist kein Problem. Es werden in der Regel 60, manchmal auch mehr Besucher, die zu unseren Filmabenden kommen. Wir hatten auch schon Abende, an denen wir Leute abweisen mussten, weil es keinen freien Platz mehr gab\u201c, berichtet Koordinatorin Brigitte Kirchner, bei der die unterschiedlichen F\u00e4den zusammenlaufen.<\/p>\n<p>Wichtig ist es dem Verein, der 2006 gegr\u00fcndet wurde und mittlerweile 200 Mitglieder z\u00e4hlt, dass andere Regionen vielleicht Geschmack an der Idee der Kinoabende finden und selbst etwas auf die Beine stellen. Denn ein Ziel des Vereins ist es, Netzwerke zu schaffen und damit vor allem \u00e4lteren Menschen die Teilhabe an der Gesellschaft zu erm\u00f6glichen. Nachahmer sind also ausdr\u00fccklich erw\u00fcnscht!<\/p>\n<p>Kinosaison ist im oberen Fuldatal von Oktober bis Mai. An jedem ersten Freitag im Monat wird um 20 Uhr in einem B\u00fcrgerhaus (z.B. Schmalnau, Weyhers, Ried oder Gersfeld) ein Film pr\u00e4sentiert. Die Technik kommt von der Medienzentrale des Landkreises, die Lautsprecher stellt das jeweilige B\u00fcrgerhaus, f\u00fcr die professionelle Verdunkelung, die Bestuhlung und das \u201eDrumherum\u201c sorgt das Projektteam.<\/p>\n<p>Unter \u201eDrumherum\u201c darf man \u00fcbrigens nicht nur einen Imbiss passend zum Filmthema erwarten, sondern auch die komplette Organisation wie Filmauswahl, Bekanntmachung, Verteilung der unterschiedlichen Aufgaben und vieles mehr. \u201eBeim Filmteam stimmt die Chemie, jeder hat seine Spezialit\u00e4ten und es l\u00e4uft immer alles Hand in Hand\u201c, wei\u00df Dr. Hans Unbehauen, Vorstandsvorsitzender des Vereins.<\/p>\n<p>Im Jahr 2009 geh\u00f6rten vier Vereinsmitglieder zum Filmteam.\u00c2\u00a0 Mittlerweile ist die Crew fast 20 Mann\/Frau stark und jeder bringt seine pers\u00f6nlichen St\u00e4rken ein. So k\u00fcmmert sich Cornelia G\u00fcnkel beispielsweise um die Lizenzen und GEMA-Geb\u00fchren. Michaela Mayer, Marion Friedrich und Kerstin Walter treffen die Filmvorauswahl und sind fit in gestalterischen Dingen, Siegfrid Dunitza ist der Mann f\u00fcr die Rezept-Recherche, Gerald Gro\u00df der unangefochtene Sieger im Geschirrsp\u00fclen. Und so lie\u00dfen sich noch viele weitere Namen und Aufgabengebiete aufz\u00e4hlen. Doch unterm Strich z\u00e4hlt eines: \u201eEs ziehen alle an einem Strang und jeder tr\u00e4gt dazu bei, dass es funktioniert\u201c, so Dr. Unbehauen.<\/p>\n<p>Grunds\u00e4tzlich starten die Kinoabende schon um 19 Uhr mit dem Imbiss, auf den die Besucher immer gespannt sein d\u00fcrfen. Denn die kulinarische Grundversorgung mit K\u00e4seh\u00e4ppchen, Brezeln und Weintrauben ist l\u00e4ngst Geschichte. Heute gibt es im Vorfeld des Films ein opulentes themenspezifisches Buffet mit kalten und warmen Speisen, die von den Vereinsmitgliedern zubereitet werden. Der Kostenbeitrag f\u00fcr die Filmabende mit Buffet liegt bei moderaten 6,- Euro.<\/p>\n<p>Die Filmcrew freut sich \u00fcber das gute Feedback und vor allem \u00fcber die Entwicklung der Publikumsstruktur.\u00c2\u00a0 \u201eWir haben jede Menge treue Stammg\u00e4ste, aber inzwischen auch viele junge Leute, die zu den Kinoabenden kommen\u201c, betont der Vorstandsvorsitzende. \u201eUnd ganz wichtig: Es findet ein Austausch statt. Die Leute gehen aufeinander zu, reden miteinander und vernetzen sich.\u201c Das kann das B\u00fcrgerkino also auch: die Ziele des Vereins erlebbar machen. (Text: J\u00f6rg Schneider\/Foto: privat)<\/p>\n","protected":false},"excerpt":{"rendered":"<div class=\"tmnf_excerpt\"><p>Schmalnau. \u201eDie Sch\u00e2\u20ac\u2122tis\u201c haben dem Verein Miteinander-F\u00fcreinander Oberes Fuldatal e.V. im Oktober 2009 einen Projektauftakt nach Ma\u00df beschert. \u00dcber 60 Filmfans waren damals zum ersten B\u00fcrgerkino-Abend des Vereins gekommen, um die unterhaltsame franz\u00f6sische Kom\u00f6die zu sehen. Inzwischen geht das Kinoprojekt, das nicht nur Filmliebhaber, sondern auch Generationen verbindet, in seine f\u00fcnfte Saison.<\/p>\n<\/div>","protected":false},"author":1,"featured_media":0,"comment_status":"closed","ping_status":"closed","sticky":false,"template":"","format":"standard","meta":{"footnotes":""},"categories":[1,72,78],"tags":[],"class_list":["post-118498","post","type-post","status-publish","format-standard","hentry","category-startseite","category-jugend","category-topthema"],"_links":{"self":[{"href":"https:\/\/www.fuldaernachrichten.de\/index.php?rest_route=\/wp\/v2\/posts\/118498","targetHints":{"allow":["GET"]}}],"collection":[{"href":"https:\/\/www.fuldaernachrichten.de\/index.php?rest_route=\/wp\/v2\/posts"}],"about":[{"href":"https:\/\/www.fuldaernachrichten.de\/index.php?rest_route=\/wp\/v2\/types\/post"}],"author":[{"embeddable":true,"href":"https:\/\/www.fuldaernachrichten.de\/index.php?rest_route=\/wp\/v2\/users\/1"}],"replies":[{"embeddable":true,"href":"https:\/\/www.fuldaernachrichten.de\/index.php?rest_route=%2Fwp%2Fv2%2Fcomments&post=118498"}],"version-history":[{"count":2,"href":"https:\/\/www.fuldaernachrichten.de\/index.php?rest_route=\/wp\/v2\/posts\/118498\/revisions"}],"predecessor-version":[{"id":135140,"href":"https:\/\/www.fuldaernachrichten.de\/index.php?rest_route=\/wp\/v2\/posts\/118498\/revisions\/135140"}],"wp:attachment":[{"href":"https:\/\/www.fuldaernachrichten.de\/index.php?rest_route=%2Fwp%2Fv2%2Fmedia&parent=118498"}],"wp:term":[{"taxonomy":"category","embeddable":true,"href":"https:\/\/www.fuldaernachrichten.de\/index.php?rest_route=%2Fwp%2Fv2%2Fcategories&post=118498"},{"taxonomy":"post_tag","embeddable":true,"href":"https:\/\/www.fuldaernachrichten.de\/index.php?rest_route=%2Fwp%2Fv2%2Ftags&post=118498"}],"curies":[{"name":"wp","href":"https:\/\/api.w.org\/{rel}","templated":true}]}}