{"id":118407,"date":"2013-12-31T00:11:37","date_gmt":"2013-12-31T00:11:37","guid":{"rendered":"http:\/\/www.fuldaer-nachrichten.de\/?p=118407"},"modified":"2013-12-30T14:46:05","modified_gmt":"2013-12-30T14:46:05","slug":"blick-hinter-die-kulissen-besichtigung-der-hochschule-fulda-3","status":"publish","type":"post","link":"https:\/\/www.fuldaernachrichten.de\/?p=118407","title":{"rendered":"Blick hinter die Kulissen &#8211; Besichtigung der Hochschule Fulda"},"content":{"rendered":"<p><b>Fulda.<\/b> Im Rahmen der Reihe \u201eBlick hinter die Kulissen\u201c bietet die Volkshochschule der Stadt Fulda am Mittwoch, 15. Januar, eine Besichtigung der Hochschule Fulda an. Treffpunkt ist um 10:00 Uhr am Eingang Geb\u00e4ude B. <!--more--><\/p>\n<p>Im Sommer 2013 wurden nach dreij\u00e4hriger Bauzeit an der Hochschule Fulda die neuen Geb\u00e4ude f\u00fcr die Hochschul- und Landesbibliothek, die Mensa und das Student Service Center eingeweiht. Zurzeit studieren an der Hochschule fast 6.000 Studenten in acht Fachbereichen. Die meisten Geb\u00e4ude der Hochschule gruppieren sich um einen reizvollen Campus. Nachdem wir einen \u00dcberblick \u00fcber den Campus der Hochschule zu bekommen. Danach erfolgt ein Rundgang in den Laboren des Fachbereichs Oecotrophologie im Geb\u00e4ude E. Den Abschluss bildet das Sensoriklabor, in dem eine Verkostung erfolgt.<\/p>\n<p>Zur Planung ist eine vorherige Anmeldung in der Gesch\u00e4ftsstelle der Volkshochschule Unterm Hl. Kreuz oder unter Telefon 102-1477 er\u00c2\u00adforderlich.<\/p>\n","protected":false},"excerpt":{"rendered":"<div class=\"tmnf_excerpt\"><p>Fulda. Im Rahmen der Reihe \u201eBlick hinter die Kulissen\u201c bietet die Volkshochschule der Stadt Fulda am Mittwoch, 15. Januar, eine Besichtigung der Hochschule Fulda an. Treffpunkt ist um 10:00 Uhr am Eingang Geb\u00e4ude B.<\/p>\n<\/div>","protected":false},"author":1,"featured_media":0,"comment_status":"closed","ping_status":"closed","sticky":false,"template":"","format":"standard","meta":{"footnotes":""},"categories":[1],"tags":[],"class_list":["post-118407","post","type-post","status-publish","format-standard","hentry","category-startseite"],"_links":{"self":[{"href":"https:\/\/www.fuldaernachrichten.de\/index.php?rest_route=\/wp\/v2\/posts\/118407","targetHints":{"allow":["GET"]}}],"collection":[{"href":"https:\/\/www.fuldaernachrichten.de\/index.php?rest_route=\/wp\/v2\/posts"}],"about":[{"href":"https:\/\/www.fuldaernachrichten.de\/index.php?rest_route=\/wp\/v2\/types\/post"}],"author":[{"embeddable":true,"href":"https:\/\/www.fuldaernachrichten.de\/index.php?rest_route=\/wp\/v2\/users\/1"}],"replies":[{"embeddable":true,"href":"https:\/\/www.fuldaernachrichten.de\/index.php?rest_route=%2Fwp%2Fv2%2Fcomments&post=118407"}],"version-history":[{"count":1,"href":"https:\/\/www.fuldaernachrichten.de\/index.php?rest_route=\/wp\/v2\/posts\/118407\/revisions"}],"predecessor-version":[{"id":118408,"href":"https:\/\/www.fuldaernachrichten.de\/index.php?rest_route=\/wp\/v2\/posts\/118407\/revisions\/118408"}],"wp:attachment":[{"href":"https:\/\/www.fuldaernachrichten.de\/index.php?rest_route=%2Fwp%2Fv2%2Fmedia&parent=118407"}],"wp:term":[{"taxonomy":"category","embeddable":true,"href":"https:\/\/www.fuldaernachrichten.de\/index.php?rest_route=%2Fwp%2Fv2%2Fcategories&post=118407"},{"taxonomy":"post_tag","embeddable":true,"href":"https:\/\/www.fuldaernachrichten.de\/index.php?rest_route=%2Fwp%2Fv2%2Ftags&post=118407"}],"curies":[{"name":"wp","href":"https:\/\/api.w.org\/{rel}","templated":true}]}}