{"id":118401,"date":"2013-12-31T00:12:56","date_gmt":"2013-12-31T00:12:56","guid":{"rendered":"http:\/\/www.fuldaer-nachrichten.de\/?p=118401"},"modified":"2013-12-30T14:43:30","modified_gmt":"2013-12-30T14:43:30","slug":"mittelstand-holt-schwung-fuer-2014-aber-risiken-bleiben-vorerst-ungeloest","status":"publish","type":"post","link":"https:\/\/www.fuldaernachrichten.de\/?p=118401","title":{"rendered":"Mittelstand holt Schwung f\u00fcr 2014 &#8211; aber Risiken bleiben vorerst ungel\u00f6st"},"content":{"rendered":"<p>Frankfurt. Rekordbesch\u00e4ftigung, hohe Wettbewerbsf\u00e4higkeit und steigende Auftragszahlen sollten 2014 f\u00fcr einen weiteren Aufschwung im Mittelstand sorgen. Besonders im Maschinenbau, im Bereich der Elektrotechnik und im Kraftfahrzeugbau &#8211; den Branchen vieler &#8220;Hidden Champions&#8221; &#8211; ist die Stimmung wegen der anziehenden Investitionsnachfrage im Ausland zuversichtlich. Aber auch in der Gastronomie, dem Einzelhandel und im Konsumg\u00fcterbereich sorgen der andauernde Besch\u00e4ftigungsaufbau und die hohe Arbeitsplatzsicherheit f\u00fcr eine stabile Kaufkraft und damit f\u00fcr gute Stimmung. <!--more--><\/p>\n<p>\u201eAllerdings d\u00fcrfen die Risiken f\u00fcr 2014 nicht aus den Augen verloren werden: Mehr als 40 Prozent der Mittelst\u00e4ndler sehen in den steigenden Energie- und Rohstoffpreisen und den wirtschaftspolitischen Rahmenbedingungen die gr\u00f6\u00dften Risiken f\u00fcr die wirtschaftliche Entwicklung. Auf Platz drei der gr\u00f6\u00dften Risiken folgt der Fachkr\u00e4ftemangel\u201c, so kommentiert Matthias Gr\u00e4\u00dfle, Hauptgesch\u00e4ftsf\u00fchrer der Industrie- und Handelskammer Frankfurt am Main, eine Sonderauswertung der IHK-Konjunkturumfrage.<\/p>\n<p>\u201eNun ist die Politik gefordert, schnell die passenden Rezepte f\u00fcr diese Probleme zu finden. Mindestlohn, Rente mit 63 und die M\u00fctterrente sind sicherlich nicht der richtige Weg, denn sie verteuern und verknappen Arbeit. Vielmehr m\u00fcssen jetzt schnell Wege f\u00fcr bezahlbare und versorgungssichere Energie aufgezeigt und die sozialen Sicherungssysteme f\u00fcr den demografischen Wandel fit gemacht werden&#8221;, so Gr\u00e4\u00dfle weiter.<\/p>\n","protected":false},"excerpt":{"rendered":"<div class=\"tmnf_excerpt\"><p>Frankfurt. Rekordbesch\u00e4ftigung, hohe Wettbewerbsf\u00e4higkeit und steigende Auftragszahlen sollten 2014 f\u00fcr einen weiteren Aufschwung im Mittelstand sorgen. Besonders im Maschinenbau, im Bereich der Elektrotechnik und im Kraftfahrzeugbau &#8211; den Branchen vieler &#8220;Hidden Champions&#8221; &#8211; ist die Stimmung wegen der anziehenden Investitionsnachfrage im Ausland zuversichtlich. Aber auch in der Gastronomie, dem Einzelhandel und im Konsumg\u00fcterbereich sorgen der &hellip;<\/p>\n<\/div>","protected":false},"author":1,"featured_media":0,"comment_status":"closed","ping_status":"closed","sticky":false,"template":"","format":"standard","meta":{"footnotes":""},"categories":[1,29],"tags":[],"class_list":["post-118401","post","type-post","status-publish","format-standard","hentry","category-startseite","category-politik"],"_links":{"self":[{"href":"https:\/\/www.fuldaernachrichten.de\/index.php?rest_route=\/wp\/v2\/posts\/118401","targetHints":{"allow":["GET"]}}],"collection":[{"href":"https:\/\/www.fuldaernachrichten.de\/index.php?rest_route=\/wp\/v2\/posts"}],"about":[{"href":"https:\/\/www.fuldaernachrichten.de\/index.php?rest_route=\/wp\/v2\/types\/post"}],"author":[{"embeddable":true,"href":"https:\/\/www.fuldaernachrichten.de\/index.php?rest_route=\/wp\/v2\/users\/1"}],"replies":[{"embeddable":true,"href":"https:\/\/www.fuldaernachrichten.de\/index.php?rest_route=%2Fwp%2Fv2%2Fcomments&post=118401"}],"version-history":[{"count":1,"href":"https:\/\/www.fuldaernachrichten.de\/index.php?rest_route=\/wp\/v2\/posts\/118401\/revisions"}],"predecessor-version":[{"id":118402,"href":"https:\/\/www.fuldaernachrichten.de\/index.php?rest_route=\/wp\/v2\/posts\/118401\/revisions\/118402"}],"wp:attachment":[{"href":"https:\/\/www.fuldaernachrichten.de\/index.php?rest_route=%2Fwp%2Fv2%2Fmedia&parent=118401"}],"wp:term":[{"taxonomy":"category","embeddable":true,"href":"https:\/\/www.fuldaernachrichten.de\/index.php?rest_route=%2Fwp%2Fv2%2Fcategories&post=118401"},{"taxonomy":"post_tag","embeddable":true,"href":"https:\/\/www.fuldaernachrichten.de\/index.php?rest_route=%2Fwp%2Fv2%2Ftags&post=118401"}],"curies":[{"name":"wp","href":"https:\/\/api.w.org\/{rel}","templated":true}]}}