{"id":118398,"date":"2013-12-31T00:10:29","date_gmt":"2013-12-31T00:10:29","guid":{"rendered":"http:\/\/www.fuldaer-nachrichten.de\/?p=118398"},"modified":"2013-12-30T14:42:48","modified_gmt":"2013-12-30T14:42:48","slug":"touristischen-arbeitsgemeinschaft-die-rhoener-jahresbilanz-2013-im-rathaus-poppenhausen","status":"publish","type":"post","link":"https:\/\/www.fuldaernachrichten.de\/?p=118398","title":{"rendered":"Touristischen Arbeitsgemeinschaft \u201eDie Rh\u00f6ner\u201c Jahresbilanz 2013 im Rathaus Poppenhausen"},"content":{"rendered":"<div id=\"attachment_118399\" style=\"width: 275px\" class=\"wp-caption alignleft\"><a href=\"http:\/\/www.fuldaer-nachrichten.de\/wp-content\/uploads\/2013\/12\/TAG-Bilanzierung-2013-in-Poppenhausen-Foto.jpg\"><img fetchpriority=\"high\" decoding=\"async\" aria-describedby=\"caption-attachment-118399\" class=\"size-thumbnail wp-image-118399\" alt=\"Markus R\u00f6der-Hofbieber (2.), Brigitte Kram \u2013 Ebersburg (3.), Thomas Schreiner \u2013 Ehrenberg (6.), Mario D\u00e4nner \u2013 Tann (8.), Hubert Blum-Hilders (2.v.r.) u. Manfred Helfrich \u2013 Poppenhausen Tourismus-Manager v.l.: Klaus-Dieter Eckstein \u2013 Hofbieber (1.), Michael Z\u00f6rgiebel \u2013 Tann (4.), Michaela Kirst \u2013 Ehrenberg (5.), Ulrich Dickas \u2013 Gersfeld (7.), Christoph Neubauer \u2013 Hilders (9.) u. Tina Balling \u2013 Poppenhausen (3.v.r.). \" src=\"http:\/\/www.fuldaer-nachrichten.de\/wp-content\/uploads\/2013\/12\/TAG-Bilanzierung-2013-in-Poppenhausen-Foto-265x198.jpg\" width=\"265\" height=\"198\" srcset=\"https:\/\/www.fuldaernachrichten.de\/wp-content\/uploads\/2013\/12\/TAG-Bilanzierung-2013-in-Poppenhausen-Foto-265x198.jpg 265w, https:\/\/www.fuldaernachrichten.de\/wp-content\/uploads\/2013\/12\/TAG-Bilanzierung-2013-in-Poppenhausen-Foto.jpg 600w\" sizes=\"(max-width: 265px) 100vw, 265px\" \/><\/a><p id=\"caption-attachment-118399\" class=\"wp-caption-text\">Markus R\u00f6der-Hofbieber (2.), Brigitte Kram \u2013 Ebersburg (3.), Thomas Schreiner \u2013 Ehrenberg (6.), Mario D\u00e4nner \u2013 Tann (8.), Hubert Blum-Hilders (2.v.r.) u. Manfred Helfrich \u2013 Poppenhausen<br \/>Tourismus-Manager v.l.:<br \/>Klaus-Dieter Eckstein \u2013 Hofbieber (1.), Michael Z\u00f6rgiebel \u2013 Tann (4.), Michaela Kirst \u2013 Ehrenberg (5.), Ulrich Dickas \u2013 Gersfeld (7.), Christoph Neubauer \u2013 Hilders (9.) u. Tina Balling \u2013 Poppenhausen (3.v.r.).<\/p><\/div>\n<p>Rh\u00f6n. Zur traditionellen Jahresabschlusssitzung 2013 der Touristischen Arbeitsgemeinschaft (TAG) \u201eDie Rh\u00f6ner\u201c, begr\u00fc\u00dfte der gastgebende B\u00fcrgermeister Manfred Helfrich seine Amtskollegen und die Tourismus-Manager aus den Mitgliedsgemeinden Ebersburg, Ehrenberg, Gersfeld, Hilders, Hofbieber und Tann im Rathaus Poppenhausen. Dieser Bilanzierungstermin war in besonderem Ma\u00dfe von Konsolidierungsma\u00dfnahmen gepr\u00e4gt.<!--more--><\/p>\n<p>B\u00fcrgermeister Helfrich, zuzgleich Vorsitzender des Vereins f\u00fcr Tourismus &#8211; Poppenhausen (Wasserkuppe) e.V. stellte besonders die zweckm\u00e4\u00dfige und wirtschaftlich g\u00fcnstigere Arbeit der bereits seit 5 Jahren bestehenden TAG heraus. Dies obwohl einige Skeptiker damals ihre Vorbehalte hatten und dieser Kooperation eine unsichere Zukunft vorausgesagt hatten. Umso mehr bedauerte es die Ebersburger B\u00fcrgermeisterin Brigitte Kram, ihren offiziellen Austritt aus diesem interkommunalen Zusammenschluss bekannt geben zu m\u00fcssen. Die Gemeinde Ebersburg verf\u00fcge leider aufgrund der beschlossenen Konsolidierungsma\u00dfnahmen nicht mehr \u00fcber die erforderlichen Haushaltsmittel. Eine Zwischenl\u00f6sung sei nicht zweckm\u00e4\u00dfig und deshalb eine konsequente Vorgehensweise notwendig, so Kram.<\/p>\n<p>Die verbleibenden sechs Mitgliedsgemeinden sind jedoch von einer erfolgreichen Fortf\u00fchrung der touristischen Arbeitsgemeinschaft \u00fcberzeugt und wollen die erfolgreiche Initiative trotz des reduzierten Gesamtbudgets fortf\u00fchren. Die effektive und wirtschaftliche Zusammenarbeit der Rh\u00f6ngemeinden habe sich bew\u00e4hrt und spreche f\u00fcr sich, waren sich die Verantwortlichen einig.<\/p>\n<p>Im abgelaufenen Jahr wurden wieder mehrere Messeveranstaltungen besucht, bei denen die \u201eTouristiker\u201c neue potentielle G\u00e4ste generier und auch Stammg\u00e4ste \u00fcber die Urlaubsregion Rh\u00f6n informieren \u00c2\u00a0konnten. Die Gesamtzahl der Messetage wurde allerding reduziert und es wurde, bis auf den Hessentag in Kassel, auf Messen mit l\u00e4ngerem Aufenthalt verzichtet. Bei einem durchschnittlichen Personalaufwand von 7 Tagen pro Kommune waren insgesamt 54 Messeeinsatztage zu verbuchen. Unter anderem war die TAG zum zweiten Mal auf der \u201eReise- und Freizeitmesse\u201c in Zwickau, auf der Rheinland-Pfalz-Ausstellung in Mainz und auf der \u201eTouristika\u201c in Aschaffenburg vertreten. Im Zuge dieser Messen wurde eine Postkarten-Aktion mit attraktiven Motiven gestartet, bei der die Messebesucher portofrei einen Gru\u00df an Freunde und Bekannte \u201eaus der Rh\u00f6n&#8221; versenden konnten. Die Aktion sorgte f\u00fcr einiges Aufsehen und verspricht eine doppelte Werbewirkung. Mit dem erstmaligen Besuch der \u201eAgilia\u201c in Wiesbaden, wurde der Versuch unternommen, eine spezielle Zielgruppe (\u201e50+\u201c) f\u00fcr einen Urlaubsaufenthalt in der Rh\u00f6n zu begeistern.<\/p>\n<p>Im Grundsatz werden Messebesuche, gerade im Hinblick auf das zuk\u00fcnftig geringere Budget und auch wegen des ver\u00e4nderten Verbraucherverhaltens, kritisch betrachtet und im kommenden Jahr entsprechend selektiert.<br \/>\nIm Januar wird durch die Touristiker der erstmalig stattfindende Winterwandertag in Willingen besucht, um dort die M\u00f6glichkeit einer Bewerbung der Rh\u00f6ner Gemeinden als Austragungsort zu sondieren.<br \/>\nIn dem l\u00e4ngst etablierten und 4x j\u00e4hrlich erscheinenden Tourismusmagazin informierte die TAG die G\u00e4ste wie die Einheimischen ausf\u00fchrlich \u00fcber aktuelle Top-Themen, wie die Einf\u00fchrung der Rh\u00f6ner G\u00e4stecard oder die Rh\u00f6ner E-Bike-Welt. Neben weiteren interessanten Themenbereichen, wie Wandern oder den Winterwanderwegen in der Rh\u00f6n k\u00f6nnen sich die sieben Mitgliedsgemeinden im Magazin auf jeweils zwei zus\u00e4tzlichen Seiten separat pr\u00e4sentieren oder f\u00fcr auch f\u00fcr Veranstaltungsangebote werben.<\/p>\n<p>Seit Beginn des letzten Quartals 2013 stellt sich die TAG einer gro\u00dfen Herausforderung mit intensivem Arbeitsaufwand: Die bisherige Fachsoftware \u201eEurosoft\u201c wird durch das modernere und zeitgem\u00e4\u00dfe \u201eDeskline 3.0\u201c ausgetauscht. Die touristische Software dient u.a. der Darstellung von Unterk\u00fcnften mit entsprechender Suchfunktion auf den kommunalen Homepages und er\u00f6ffnet den Gemeinden wie Leistungstr\u00e4gern neue M\u00f6glichkeiten. Eine Umstellung des Systems ist im Laufe des 1. Quartals 2014 geplant. Entsprechende Informationen f\u00fcr Leistungstr\u00e4ger erfolgen voraussichtlich ab dem 2. Quartal. Hierdurch verfolgt die TAG weiterhin das Konzept einer Entwicklung und F\u00f6rderung der Internet-Pr\u00e4senz ihrer Mitglieder.<\/p>\n<p>Ausblickend auf die anstehenden Projekte im Jahr 2014 ist die Einf\u00fchrung des Flyers \u201eRh\u00f6ner E-Bike-Welt\u201c als Verzeichnis nutzerfreundlicher Betriebe besonders hervorzuheben. Damit soll der steigenden Zahl dieser Rad fahrenden Zielgruppe Rechnung getragen werden.<\/p>\n<p>Abschlie\u00dfend bedankte sich Manfred Helfrich im Namen aller B\u00fcrgermeister bei den Tourismusmitarbeitern und sprach die Hoffnung aus, die TAG \u201eDie Rh\u00f6ner\u201c m\u00f6ge auch das kommende Jahr gemeinsam und einig angehen, um wieder erfolgreich und zielf\u00fchrend f\u00fcr die Hessische Rh\u00f6n zu werben, um die Zufriedenheit der G\u00e4ste aber auch der Gastgeber und Anbieter zu f\u00f6rdern.<\/p>\n","protected":false},"excerpt":{"rendered":"<div class=\"tmnf_excerpt\"><p>Rh\u00f6n. Zur traditionellen Jahresabschlusssitzung 2013 der Touristischen Arbeitsgemeinschaft (TAG) \u201eDie Rh\u00f6ner\u201c, begr\u00fc\u00dfte der gastgebende B\u00fcrgermeister Manfred Helfrich seine Amtskollegen und die Tourismus-Manager aus den Mitgliedsgemeinden Ebersburg, Ehrenberg, Gersfeld, Hilders, Hofbieber und Tann im Rathaus Poppenhausen. Dieser Bilanzierungstermin war in besonderem Ma\u00dfe von Konsolidierungsma\u00dfnahmen gepr\u00e4gt.<\/p>\n<\/div>","protected":false},"author":1,"featured_media":0,"comment_status":"closed","ping_status":"closed","sticky":false,"template":"","format":"standard","meta":{"footnotes":""},"categories":[1,52],"tags":[],"class_list":["post-118398","post","type-post","status-publish","format-standard","hentry","category-startseite","category-umwelt"],"_links":{"self":[{"href":"https:\/\/www.fuldaernachrichten.de\/index.php?rest_route=\/wp\/v2\/posts\/118398","targetHints":{"allow":["GET"]}}],"collection":[{"href":"https:\/\/www.fuldaernachrichten.de\/index.php?rest_route=\/wp\/v2\/posts"}],"about":[{"href":"https:\/\/www.fuldaernachrichten.de\/index.php?rest_route=\/wp\/v2\/types\/post"}],"author":[{"embeddable":true,"href":"https:\/\/www.fuldaernachrichten.de\/index.php?rest_route=\/wp\/v2\/users\/1"}],"replies":[{"embeddable":true,"href":"https:\/\/www.fuldaernachrichten.de\/index.php?rest_route=%2Fwp%2Fv2%2Fcomments&post=118398"}],"version-history":[{"count":1,"href":"https:\/\/www.fuldaernachrichten.de\/index.php?rest_route=\/wp\/v2\/posts\/118398\/revisions"}],"predecessor-version":[{"id":118400,"href":"https:\/\/www.fuldaernachrichten.de\/index.php?rest_route=\/wp\/v2\/posts\/118398\/revisions\/118400"}],"wp:attachment":[{"href":"https:\/\/www.fuldaernachrichten.de\/index.php?rest_route=%2Fwp%2Fv2%2Fmedia&parent=118398"}],"wp:term":[{"taxonomy":"category","embeddable":true,"href":"https:\/\/www.fuldaernachrichten.de\/index.php?rest_route=%2Fwp%2Fv2%2Fcategories&post=118398"},{"taxonomy":"post_tag","embeddable":true,"href":"https:\/\/www.fuldaernachrichten.de\/index.php?rest_route=%2Fwp%2Fv2%2Ftags&post=118398"}],"curies":[{"name":"wp","href":"https:\/\/api.w.org\/{rel}","templated":true}]}}