{"id":118388,"date":"2013-12-30T10:46:44","date_gmt":"2013-12-30T10:46:44","guid":{"rendered":"http:\/\/www.fuldaer-nachrichten.de\/?p=118388"},"modified":"2013-12-30T10:46:44","modified_gmt":"2013-12-30T10:46:44","slug":"weihnachtliche-kinder-und-familiensegnung-im-fuldaer-dom","status":"publish","type":"post","link":"https:\/\/www.fuldaernachrichten.de\/?p=118388","title":{"rendered":"Weihnachtliche Kinder- und Familiensegnung im Fuldaer Dom"},"content":{"rendered":"<p><a href=\"http:\/\/www.fuldaer-nachrichten.de\/wp-content\/uploads\/2013\/12\/P1030094.jpg\"><img fetchpriority=\"high\" decoding=\"async\" class=\"alignleft size-thumbnail wp-image-118393\" alt=\"P1030094\" src=\"http:\/\/www.fuldaer-nachrichten.de\/wp-content\/uploads\/2013\/12\/P1030094-265x198.jpg\" width=\"265\" height=\"198\" srcset=\"https:\/\/www.fuldaernachrichten.de\/wp-content\/uploads\/2013\/12\/P1030094-265x198.jpg 265w, https:\/\/www.fuldaernachrichten.de\/wp-content\/uploads\/2013\/12\/P1030094.jpg 600w\" sizes=\"(max-width: 265px) 100vw, 265px\" \/><\/a> Fulda. Am Sonntag nach Weihnachten begeht die katholische Kirche das Fest der Heiligen Familie. Aus diesem Anlass fand im Dom ein weihnachtlicher Wortgottesdienst mit Kinder- und Familiensegnung statt. Dompfarrer Stefan Bu\u00df begr\u00fc\u00dfte zusammen mit Weihbischof Karlheinz Diez, Jugendpfarrer Thomas Renze und Monsignore Christof Steinert viele Kinder und Jugendliche, die zusammen mit ihren Eltern und Gro\u00dfeltern gekommen waren. In seiner Ansprache hob Dompfarrer Bu\u00df hervor,\u00c2\u00a0 Gesegnetsein bedeute, dass Gott mich von allen Seiten umgebe und seine sch\u00fctzende Hand immer \u00fcber mich halte, egal ob als Kind oder als Erwachsener. <!--more--><\/p>\n<p>\u201eDie Eltern lade ich ein, dass sie immer wieder ihre Kinder segnen, und auch ihr Kinder habt Mut, eure Eltern zu segnen, indem ihr ihnen ein kleines Kreuz auf die Stirne zeichnet\u201c, dazu forderte der Dompfarrer die versammelte Gemeinde in seiner Ansprache auf. Zuvor hatten Ministrantinnen und Ministranten das Evangelium von der Segnung der Kinder durch Jesus (Mk 10, 13-16) in einem szenischen Spiel dargestellt und dadurch anschaulich gemacht, dass Gott alle Kinder liebt.<\/p>\n<p><a href=\"http:\/\/www.fuldaer-nachrichten.de\/wp-content\/uploads\/2013\/12\/P1030090.jpg\"><img decoding=\"async\" class=\"alignleft size-thumbnail wp-image-118394\" alt=\"P1030090\" src=\"http:\/\/www.fuldaer-nachrichten.de\/wp-content\/uploads\/2013\/12\/P1030090-265x227.jpg\" width=\"265\" height=\"227\" srcset=\"https:\/\/www.fuldaernachrichten.de\/wp-content\/uploads\/2013\/12\/P1030090-265x227.jpg 265w, https:\/\/www.fuldaernachrichten.de\/wp-content\/uploads\/2013\/12\/P1030090.jpg 600w\" sizes=\"(max-width: 265px) 100vw, 265px\" \/><\/a> In einer Prozession zogen die Kinder und Jugendlichen zusammen mit den Geistlichen zur gro\u00dfen Domkrippe, wo sie das neugeborene Jesuskind mit einem Gebet gr\u00fc\u00dften. Als Geschenk f\u00fcr das Jesuskind durfte jeder eine kleine Kerze entz\u00fcnden und zur Krippe stellen. Nach dem F\u00fcrbittgebet und dem allgemeinen Abschlusssegen waren die Kinder und die Familien eingeladen, sich von den Geistlichen einzeln segnen zu lassen.<\/p>\n<p>Die Feier wurde musikalisch vom Kinder- und Jugendchor der Dompfarrei unter der Leitung von Johannes Haubs, von Dorothee Haubs mit der Querfl\u00f6te und Verena Seuring an der Orgel mitgestaltet.<\/p>\n<p><a href=\"http:\/\/www.fuldaer-nachrichten.de\/wp-content\/uploads\/2013\/12\/P1030058.jpg\"><img decoding=\"async\" class=\"alignleft size-thumbnail wp-image-118396\" alt=\"P1030058\" src=\"http:\/\/www.fuldaer-nachrichten.de\/wp-content\/uploads\/2013\/12\/P1030058-265x198.jpg\" width=\"265\" height=\"198\" srcset=\"https:\/\/www.fuldaernachrichten.de\/wp-content\/uploads\/2013\/12\/P1030058-265x198.jpg 265w, https:\/\/www.fuldaernachrichten.de\/wp-content\/uploads\/2013\/12\/P1030058.jpg 600w\" sizes=\"(max-width: 265px) 100vw, 265px\" \/><\/a> <a href=\"http:\/\/www.fuldaer-nachrichten.de\/wp-content\/uploads\/2013\/12\/P1030120.jpg\"><img loading=\"lazy\" decoding=\"async\" class=\"alignnone size-thumbnail wp-image-118390\" alt=\"P1030120\" src=\"http:\/\/www.fuldaer-nachrichten.de\/wp-content\/uploads\/2013\/12\/P1030120-265x198.jpg\" width=\"265\" height=\"198\" srcset=\"https:\/\/www.fuldaernachrichten.de\/wp-content\/uploads\/2013\/12\/P1030120-265x198.jpg 265w, https:\/\/www.fuldaernachrichten.de\/wp-content\/uploads\/2013\/12\/P1030120.jpg 600w\" sizes=\"(max-width: 265px) 100vw, 265px\" \/><\/a><br \/>\n<a href=\"http:\/\/www.fuldaer-nachrichten.de\/wp-content\/uploads\/2013\/12\/1497700_596979457024297_1440263892_n.jpg\"><img loading=\"lazy\" decoding=\"async\" class=\"alignnone size-thumbnail wp-image-118389\" alt=\"1497700_596979457024297_1440263892_n\" src=\"http:\/\/www.fuldaer-nachrichten.de\/wp-content\/uploads\/2013\/12\/1497700_596979457024297_1440263892_n-265x198.jpg\" width=\"265\" height=\"198\" srcset=\"https:\/\/www.fuldaernachrichten.de\/wp-content\/uploads\/2013\/12\/1497700_596979457024297_1440263892_n-265x198.jpg 265w, https:\/\/www.fuldaernachrichten.de\/wp-content\/uploads\/2013\/12\/1497700_596979457024297_1440263892_n.jpg 600w\" sizes=\"(max-width: 265px) 100vw, 265px\" \/><\/a> <a href=\"http:\/\/www.fuldaer-nachrichten.de\/wp-content\/uploads\/2013\/12\/P1030110.jpg\"><img loading=\"lazy\" decoding=\"async\" class=\"alignnone size-thumbnail wp-image-118391\" alt=\"P1030110\" src=\"http:\/\/www.fuldaer-nachrichten.de\/wp-content\/uploads\/2013\/12\/P1030110-265x353.jpg\" width=\"265\" height=\"353\" srcset=\"https:\/\/www.fuldaernachrichten.de\/wp-content\/uploads\/2013\/12\/P1030110-265x353.jpg 265w, https:\/\/www.fuldaernachrichten.de\/wp-content\/uploads\/2013\/12\/P1030110-198x265.jpg 198w, https:\/\/www.fuldaernachrichten.de\/wp-content\/uploads\/2013\/12\/P1030110-450x600.jpg 450w, https:\/\/www.fuldaernachrichten.de\/wp-content\/uploads\/2013\/12\/P1030110.jpg 600w\" sizes=\"(max-width: 265px) 100vw, 265px\" \/><\/a><\/p>\n","protected":false},"excerpt":{"rendered":"<div class=\"tmnf_excerpt\"><p>Fulda. Am Sonntag nach Weihnachten begeht die katholische Kirche das Fest der Heiligen Familie. Aus diesem Anlass fand im Dom ein weihnachtlicher Wortgottesdienst mit Kinder- und Familiensegnung statt. Dompfarrer Stefan Bu\u00df begr\u00fc\u00dfte zusammen mit Weihbischof Karlheinz Diez, Jugendpfarrer Thomas Renze und Monsignore Christof Steinert viele Kinder und Jugendliche, die zusammen mit ihren Eltern und Gro\u00dfeltern &hellip;<\/p>\n<\/div>","protected":false},"author":1,"featured_media":0,"comment_status":"closed","ping_status":"closed","sticky":false,"template":"","format":"standard","meta":{"footnotes":""},"categories":[1,50],"tags":[],"class_list":["post-118388","post","type-post","status-publish","format-standard","hentry","category-startseite","category-kirche"],"_links":{"self":[{"href":"https:\/\/www.fuldaernachrichten.de\/index.php?rest_route=\/wp\/v2\/posts\/118388","targetHints":{"allow":["GET"]}}],"collection":[{"href":"https:\/\/www.fuldaernachrichten.de\/index.php?rest_route=\/wp\/v2\/posts"}],"about":[{"href":"https:\/\/www.fuldaernachrichten.de\/index.php?rest_route=\/wp\/v2\/types\/post"}],"author":[{"embeddable":true,"href":"https:\/\/www.fuldaernachrichten.de\/index.php?rest_route=\/wp\/v2\/users\/1"}],"replies":[{"embeddable":true,"href":"https:\/\/www.fuldaernachrichten.de\/index.php?rest_route=%2Fwp%2Fv2%2Fcomments&post=118388"}],"version-history":[{"count":1,"href":"https:\/\/www.fuldaernachrichten.de\/index.php?rest_route=\/wp\/v2\/posts\/118388\/revisions"}],"predecessor-version":[{"id":118397,"href":"https:\/\/www.fuldaernachrichten.de\/index.php?rest_route=\/wp\/v2\/posts\/118388\/revisions\/118397"}],"wp:attachment":[{"href":"https:\/\/www.fuldaernachrichten.de\/index.php?rest_route=%2Fwp%2Fv2%2Fmedia&parent=118388"}],"wp:term":[{"taxonomy":"category","embeddable":true,"href":"https:\/\/www.fuldaernachrichten.de\/index.php?rest_route=%2Fwp%2Fv2%2Fcategories&post=118388"},{"taxonomy":"post_tag","embeddable":true,"href":"https:\/\/www.fuldaernachrichten.de\/index.php?rest_route=%2Fwp%2Fv2%2Ftags&post=118388"}],"curies":[{"name":"wp","href":"https:\/\/api.w.org\/{rel}","templated":true}]}}