{"id":118344,"date":"2013-12-30T00:20:28","date_gmt":"2013-12-30T00:20:28","guid":{"rendered":"http:\/\/www.fuldaer-nachrichten.de\/?p=118344"},"modified":"2013-12-29T18:14:11","modified_gmt":"2013-12-29T18:14:11","slug":"altbuecherbasar-kuenzell-am-11-januar","status":"publish","type":"post","link":"https:\/\/www.fuldaernachrichten.de\/?p=118344","title":{"rendered":"Altb\u00fccherbasar K\u00fcnzell am 11. Januar"},"content":{"rendered":"<p>K\u00fcnzell. Zum ersten Altb\u00fccherbasar des Jahres l\u00e4dt die Kinderhilfe Indien am Samstag den 11. Januar ins Thomas-Morus-Haus nach K\u00fcnzell. Zum Anlesen bietet die Schm\u00f6kerecke wie gewohnt Kaffee und Kuchen. Der Basar ist ge\u00f6ffnet von 14 bis 16 Uhr. Der Erl\u00f6s ist f\u00fcr die Kinderhilfe Indien der Jesuiten-Mission. Fragen beantwortet Marlene Diel unter Telefon 0661 \u2013 35191.<\/p>\n","protected":false},"excerpt":{"rendered":"<div class=\"tmnf_excerpt\"><p>K\u00fcnzell. Zum ersten Altb\u00fccherbasar des Jahres l\u00e4dt die Kinderhilfe Indien am Samstag den 11. Januar ins Thomas-Morus-Haus nach K\u00fcnzell. Zum Anlesen bietet die Schm\u00f6kerecke wie gewohnt Kaffee und Kuchen. Der Basar ist ge\u00f6ffnet von 14 bis 16 Uhr. Der Erl\u00f6s ist f\u00fcr die Kinderhilfe Indien der Jesuiten-Mission. Fragen beantwortet Marlene Diel unter Telefon 0661 \u2013 &hellip;<\/p>\n<\/div>","protected":false},"author":1,"featured_media":0,"comment_status":"closed","ping_status":"closed","sticky":false,"template":"","format":"standard","meta":{"footnotes":""},"categories":[1,44],"tags":[],"class_list":["post-118344","post","type-post","status-publish","format-standard","hentry","category-startseite","category-kultur"],"_links":{"self":[{"href":"https:\/\/www.fuldaernachrichten.de\/index.php?rest_route=\/wp\/v2\/posts\/118344","targetHints":{"allow":["GET"]}}],"collection":[{"href":"https:\/\/www.fuldaernachrichten.de\/index.php?rest_route=\/wp\/v2\/posts"}],"about":[{"href":"https:\/\/www.fuldaernachrichten.de\/index.php?rest_route=\/wp\/v2\/types\/post"}],"author":[{"embeddable":true,"href":"https:\/\/www.fuldaernachrichten.de\/index.php?rest_route=\/wp\/v2\/users\/1"}],"replies":[{"embeddable":true,"href":"https:\/\/www.fuldaernachrichten.de\/index.php?rest_route=%2Fwp%2Fv2%2Fcomments&post=118344"}],"version-history":[{"count":1,"href":"https:\/\/www.fuldaernachrichten.de\/index.php?rest_route=\/wp\/v2\/posts\/118344\/revisions"}],"predecessor-version":[{"id":118345,"href":"https:\/\/www.fuldaernachrichten.de\/index.php?rest_route=\/wp\/v2\/posts\/118344\/revisions\/118345"}],"wp:attachment":[{"href":"https:\/\/www.fuldaernachrichten.de\/index.php?rest_route=%2Fwp%2Fv2%2Fmedia&parent=118344"}],"wp:term":[{"taxonomy":"category","embeddable":true,"href":"https:\/\/www.fuldaernachrichten.de\/index.php?rest_route=%2Fwp%2Fv2%2Fcategories&post=118344"},{"taxonomy":"post_tag","embeddable":true,"href":"https:\/\/www.fuldaernachrichten.de\/index.php?rest_route=%2Fwp%2Fv2%2Ftags&post=118344"}],"curies":[{"name":"wp","href":"https:\/\/api.w.org\/{rel}","templated":true}]}}