{"id":118331,"date":"2013-12-30T00:19:01","date_gmt":"2013-12-30T00:19:01","guid":{"rendered":"http:\/\/www.fuldaer-nachrichten.de\/?p=118331"},"modified":"2013-12-29T18:14:29","modified_gmt":"2013-12-29T18:14:29","slug":"rhoensprudel-ehrt-langjaehrige-mitarbeiter","status":"publish","type":"post","link":"https:\/\/www.fuldaernachrichten.de\/?p=118331","title":{"rendered":"Rh\u00f6nSprudel ehrt langj\u00e4hrige Mitarbeiter"},"content":{"rendered":"<div id=\"attachment_118332\" style=\"width: 275px\" class=\"wp-caption alignleft\"><a href=\"http:\/\/www.fuldaer-nachrichten.de\/wp-content\/uploads\/2013\/12\/jubilarehrung_rh\u00f6nsprudel.jpg\"><img decoding=\"async\" aria-describedby=\"caption-attachment-118332\" class=\"size-thumbnail wp-image-118332\" alt=\"F\u00fcr ihre langj\u00e4hrige Betriebszugeh\u00f6rigkeit beim MineralBrunnen Rh\u00f6nSprudel wurden jetzt insgesamt 21 Mitarbeiterinnen und Mitarbeiter im Rahmen einer Feierstunde geehrt. Gemeinsam mit dem Gesch\u00e4ftsf\u00fchrer der Rh\u00f6nSprudel-Gruppe, Christian Schindel (3.v. hinten rechts), stellten sie sich zu einem Foto vor der Gastst\u00e4tte \u201eWeikardshof\u201c auf. Foto: Freies Journalistenb\u00fcro der Rh\u00f6n \" src=\"http:\/\/www.fuldaer-nachrichten.de\/wp-content\/uploads\/2013\/12\/jubilarehrung_rh\u00f6nsprudel-265x171.jpg\" width=\"265\" height=\"171\" \/><\/a><p id=\"caption-attachment-118332\" class=\"wp-caption-text\">F\u00fcr ihre langj\u00e4hrige Betriebszugeh\u00f6rigkeit beim MineralBrunnen Rh\u00f6nSprudel wurden jetzt insgesamt 21 Mitarbeiterinnen und Mitarbeiter im Rahmen einer Feierstunde geehrt. Gemeinsam mit dem Gesch\u00e4ftsf\u00fchrer der Rh\u00f6nSprudel-Gruppe, Christian Schindel (3.v. hinten rechts), stellten sie sich zu einem Foto vor der Gastst\u00e4tte \u201eWeikardshof\u201c auf. Foto: Freies Journalistenb\u00fcro der Rh\u00f6n<\/p><\/div>\n<p>Weyhers 21 Mitarbeiterinnen und Mitarbeiter des MineralBrunnens Rh\u00f6nSprudel wurden jetzt im Rahmen einer Feierstunde in der Gastst\u00e4tte \u201eWeikardshof\u201c f\u00fcr ihre langj\u00e4hrige Betriebszugeh\u00f6rigkeit geehrt. \u201eHochwertige Produkte haben immer etwas mit der Erfahrung und Verantwortung von Menschen zu tun, die hinter diesen Produkten stehen\u201c, sagte der Gesch\u00e4ftsf\u00fchrer der Rh\u00f6nSprudel-Gruppe, Christian Schindel.<!--more--><\/p>\n<p>Zur Feierstunde mit einem gemeinsamen Mittagessen waren auch die Inhaberfamilie von Rh\u00f6nSprudel, Egon, Gabriele und Christian Schindel, Betriebsleiter Thomas Storch, Logistikleiter Frank Baier und Personalchef Walter Heel gekommen. Christian Schindel hob das gro\u00dfe berufliche Engagement, die Tatkraft, die Kollegialit\u00e4t und die Zuverl\u00e4ssigkeit aller Jubilare hervor. F\u00fcr alle Ausgezeichneten gab es Pr\u00e4sente sowie Urkunden.<\/p>\n<p>F\u00fcr zehnj\u00e4hrige Mitarbeit im Unternehmen bedankte sich Schindel bei den Staplerfahrern Manuel Sch\u00e4fer, Waldemar Fetter, Andre Friedrich, Marco Leipnitz, Matthias Gerlach, Valerij Greb, dem Maschinenf\u00fchrer Matthias R\u00f6der und der Reinigungskraft Waltraud Kress mit einer Versicherungspolice. Eine Aufstockung der Versicherungspolice f\u00fcr 20 Jahre Firmentreue erhielten Staplerfahrer Andreas Fast und Maschinenf\u00fchrer Peter Lehmann genau wie die Kraftfahrer Martin Heil, Siegfried Lotz und Bernhard Reus, der Mitarbeiter in der Lagerverwaltung Harald M\u00fcller und der stellvertretende Linienf\u00fchrer Eugen Link f\u00fcr ihre 30-j\u00e4hrige Firmenzugeh\u00f6rigkeit.<\/p>\n<p>\u00dcber einen Geldbetrag sowie eine Ehrenurkunde konnten sich die Kraftfahrer Gerald Eckert, Peter Wenz und Michael Glaser, der Staplerfahrer Eberhard Schuhmann und der Mitarbeiter in der Ansatzaufbereitung Loreto Zozzaro f\u00fcr 25 Jahre Mitarbeit bei Rh\u00f6nSprudel freuen. Kraftfahrer Dieter Vogel, der sich zurzeit in der Altersteilzeit-Freistellungsphase befindet, wurde sogar f\u00fcr 40 Jahre Firmentreue ausgezeichnet.<\/p>\n<p>Wie Gesch\u00e4ftsf\u00fchrer Christian Schindel abschlie\u00dfend sagte, werden die Ehrungen von Staplerfahrer Marko Altmann (zehn Jahre Betriebszugeh\u00f6rigkeit), Hans-Joachim B\u00f6rner von der Verkaufsleitung Getr\u00e4nkefachgro\u00dfhandel Gastronomie und Gebietsleiter Getr\u00e4nkefachgro\u00dfhandel Gastronomie Norbert Muck (beide 20 Jahre im Betrieb) sowie den beiden Kraftfahrern Marko Leibold und Gerald Gro\u00df und Betriebselektriker G\u00fcnther Maul (je 25 Jahre bei Rh\u00f6nSprudel) zu gegebener Zeit nachgeholt. Sie konnten an der Feierstunde nicht teilnehmen.<\/p>\n<p>&nbsp;<\/p>\n","protected":false},"excerpt":{"rendered":"<div class=\"tmnf_excerpt\"><p>Weyhers 21 Mitarbeiterinnen und Mitarbeiter des MineralBrunnens Rh\u00f6nSprudel wurden jetzt im Rahmen einer Feierstunde in der Gastst\u00e4tte \u201eWeikardshof\u201c f\u00fcr ihre langj\u00e4hrige Betriebszugeh\u00f6rigkeit geehrt. \u201eHochwertige Produkte haben immer etwas mit der Erfahrung und Verantwortung von Menschen zu tun, die hinter diesen Produkten stehen\u201c, sagte der Gesch\u00e4ftsf\u00fchrer der Rh\u00f6nSprudel-Gruppe, Christian Schindel.<\/p>\n<\/div>","protected":false},"author":1,"featured_media":0,"comment_status":"closed","ping_status":"closed","sticky":false,"template":"","format":"standard","meta":{"footnotes":""},"categories":[1,29],"tags":[],"class_list":["post-118331","post","type-post","status-publish","format-standard","hentry","category-startseite","category-politik"],"_links":{"self":[{"href":"https:\/\/www.fuldaernachrichten.de\/index.php?rest_route=\/wp\/v2\/posts\/118331","targetHints":{"allow":["GET"]}}],"collection":[{"href":"https:\/\/www.fuldaernachrichten.de\/index.php?rest_route=\/wp\/v2\/posts"}],"about":[{"href":"https:\/\/www.fuldaernachrichten.de\/index.php?rest_route=\/wp\/v2\/types\/post"}],"author":[{"embeddable":true,"href":"https:\/\/www.fuldaernachrichten.de\/index.php?rest_route=\/wp\/v2\/users\/1"}],"replies":[{"embeddable":true,"href":"https:\/\/www.fuldaernachrichten.de\/index.php?rest_route=%2Fwp%2Fv2%2Fcomments&post=118331"}],"version-history":[{"count":1,"href":"https:\/\/www.fuldaernachrichten.de\/index.php?rest_route=\/wp\/v2\/posts\/118331\/revisions"}],"predecessor-version":[{"id":118333,"href":"https:\/\/www.fuldaernachrichten.de\/index.php?rest_route=\/wp\/v2\/posts\/118331\/revisions\/118333"}],"wp:attachment":[{"href":"https:\/\/www.fuldaernachrichten.de\/index.php?rest_route=%2Fwp%2Fv2%2Fmedia&parent=118331"}],"wp:term":[{"taxonomy":"category","embeddable":true,"href":"https:\/\/www.fuldaernachrichten.de\/index.php?rest_route=%2Fwp%2Fv2%2Fcategories&post=118331"},{"taxonomy":"post_tag","embeddable":true,"href":"https:\/\/www.fuldaernachrichten.de\/index.php?rest_route=%2Fwp%2Fv2%2Ftags&post=118331"}],"curies":[{"name":"wp","href":"https:\/\/api.w.org\/{rel}","templated":true}]}}