{"id":118299,"date":"2013-12-28T00:12:24","date_gmt":"2013-12-28T00:12:24","guid":{"rendered":"http:\/\/www.fuldaer-nachrichten.de\/?p=118299"},"modified":"2013-12-28T09:12:15","modified_gmt":"2013-12-28T09:12:15","slug":"afrikatag-2014-missio-aachen-stellt-burkina-faso-als-beispielland-in-den-mittel-punkt-der-aktion-kollekte-am-1-januar-2014-im-bistum-fulda","status":"publish","type":"post","link":"https:\/\/www.fuldaernachrichten.de\/?p=118299","title":{"rendered":"Afrikatag 2014: missio Aachen stellt Burkina Faso als Beispielland in den Mittel-punkt der Aktion \u2013 Kollekte am 1. Januar 2014 im Bistum Fulda"},"content":{"rendered":"<p>Fulda. Im Januar 2014 ruft das Internationale Katholische Missionswerk <i>missio<\/i> Aachen am Afrikatag in Gottesdiensten zur Unterst\u00fctzung der Ausbildung von Priestern, Ordensleuten sowie Katechetinnen und Katecheten in den afrikanischen Partnerkirchen auf. Die Fernsehjournalistin Gundula Gause (ZDF) unterst\u00fctzt als Schirmherrin die Aktion. Beispielland ist Burkina Faso.<!--more--><b> <\/b><b><\/b><\/p>\n<p>Die Kollekte zum Afrikatag findet in den Gottesdiensten des<i> <\/i>Bistums Fulda<i> a<\/i>m<i> <\/i>1. Januar 2014 statt<i>.<\/i> Im Mittelpunkt der Aktion steht das Engagement der Kirche in Burkina Faso.<b> <\/b>Dort leben 70 Prozent der Menschen unter der Armutsgrenze. Knapp ein F\u00fcnftel der 17 Millionen Einwohner sind Katholiken, rund 60 Prozent Muslime. Die Kirche arbeitet vor allem in den Bereichen Bildung, pastoral-sozialer Projektarbeit, interreligi\u00f6sem Dialog und einer Anwaltschaft f\u00fcr eine demokratische Zivilgesellschaft. Davon profitieren alle Menschen in Burkina Faso. \u201eWer Afrika nachhaltig helfen will, bildet Menschen aus\u201c, erkl\u00e4rte Pr\u00e4lat Lucian Lamza. \u201eDenn nur mit gut ausgebildetem Personal kann die Kirche gute Arbeit leisten, die langfristig wirkt.\u201c<\/p>\n<p>F\u00fcr Gundula Gause leistet <i>missio<\/i> aber auch \u201ejenseits der klassischen \u00c2\u00a0Entwicklungshilfe seelischen und spirituellen Beistand, in dem das katholische Hilfswerk Pfarrer, Ordensleute sowie Katecheten und Katechetinnen in den betroffenen L\u00e4ndern unterst\u00fctzt. Sie kennen die N\u00f6te der Menschen und leben mit ihnen. Wenn ich an Afrika denke, sehe ich nicht nur D\u00fcrre und Armut, sondern auch Lebenswillen und eine unglaubliche Hoffnung.\u201c<\/p>\n<p>Der Afrikatag, die \u00e4lteste gesamtkirchliche Kollekte der Welt, wurde von Papst Leo XIII. gegr\u00fcndet, der die \u201efluchw\u00fcrdige Pest der Sklaverei\u201c \u00f6ffentlich anprangerte und am 6. Januar 1891 eine erste weltkirchliche Kollekte zur Befreiung von Sklaven in Afrika einf\u00fchrte.<\/p>\n<p><b>Infos im Internet<\/b> unter <a href=\"http:\/\/www.missio-hilft.de\/de\/aktion\/afrikatag\/2014\/\">http:\/\/www.missio-hilft.de\/de\/aktion\/afrikatag\/2014\/<\/a><\/p>\n","protected":false},"excerpt":{"rendered":"<div class=\"tmnf_excerpt\"><p>Fulda. Im Januar 2014 ruft das Internationale Katholische Missionswerk missio Aachen am Afrikatag in Gottesdiensten zur Unterst\u00fctzung der Ausbildung von Priestern, Ordensleuten sowie Katechetinnen und Katecheten in den afrikanischen Partnerkirchen auf. Die Fernsehjournalistin Gundula Gause (ZDF) unterst\u00fctzt als Schirmherrin die Aktion. Beispielland ist Burkina Faso.<\/p>\n<\/div>","protected":false},"author":1,"featured_media":0,"comment_status":"closed","ping_status":"closed","sticky":false,"template":"","format":"standard","meta":{"footnotes":""},"categories":[1,50],"tags":[],"class_list":["post-118299","post","type-post","status-publish","format-standard","hentry","category-startseite","category-kirche"],"_links":{"self":[{"href":"https:\/\/www.fuldaernachrichten.de\/index.php?rest_route=\/wp\/v2\/posts\/118299","targetHints":{"allow":["GET"]}}],"collection":[{"href":"https:\/\/www.fuldaernachrichten.de\/index.php?rest_route=\/wp\/v2\/posts"}],"about":[{"href":"https:\/\/www.fuldaernachrichten.de\/index.php?rest_route=\/wp\/v2\/types\/post"}],"author":[{"embeddable":true,"href":"https:\/\/www.fuldaernachrichten.de\/index.php?rest_route=\/wp\/v2\/users\/1"}],"replies":[{"embeddable":true,"href":"https:\/\/www.fuldaernachrichten.de\/index.php?rest_route=%2Fwp%2Fv2%2Fcomments&post=118299"}],"version-history":[{"count":1,"href":"https:\/\/www.fuldaernachrichten.de\/index.php?rest_route=\/wp\/v2\/posts\/118299\/revisions"}],"predecessor-version":[{"id":118300,"href":"https:\/\/www.fuldaernachrichten.de\/index.php?rest_route=\/wp\/v2\/posts\/118299\/revisions\/118300"}],"wp:attachment":[{"href":"https:\/\/www.fuldaernachrichten.de\/index.php?rest_route=%2Fwp%2Fv2%2Fmedia&parent=118299"}],"wp:term":[{"taxonomy":"category","embeddable":true,"href":"https:\/\/www.fuldaernachrichten.de\/index.php?rest_route=%2Fwp%2Fv2%2Fcategories&post=118299"},{"taxonomy":"post_tag","embeddable":true,"href":"https:\/\/www.fuldaernachrichten.de\/index.php?rest_route=%2Fwp%2Fv2%2Ftags&post=118299"}],"curies":[{"name":"wp","href":"https:\/\/api.w.org\/{rel}","templated":true}]}}