{"id":118296,"date":"2013-12-28T09:10:50","date_gmt":"2013-12-28T09:10:50","guid":{"rendered":"http:\/\/www.fuldaer-nachrichten.de\/?p=118296"},"modified":"2013-12-28T09:10:50","modified_gmt":"2013-12-28T09:10:50","slug":"tc-gruen-weiss-meldet-22-teams-fuer-die-sommersaison-2014","status":"publish","type":"post","link":"https:\/\/www.fuldaernachrichten.de\/?p=118296","title":{"rendered":"TC Gr\u00fcn-Wei\u00df meldet 22 Teams f\u00fcr die Sommersaison 2014"},"content":{"rendered":"<p><a href=\"http:\/\/www.fuldaer-nachrichten.de\/wp-content\/uploads\/2013\/12\/facebook-Profilfoto.jpg\"><img fetchpriority=\"high\" decoding=\"async\" class=\"alignleft size-thumbnail wp-image-118297\" alt=\"facebook-Profilfoto\" src=\"http:\/\/www.fuldaer-nachrichten.de\/wp-content\/uploads\/2013\/12\/facebook-Profilfoto-265x335.jpg\" width=\"265\" height=\"335\" srcset=\"https:\/\/www.fuldaernachrichten.de\/wp-content\/uploads\/2013\/12\/facebook-Profilfoto-265x335.jpg 265w, https:\/\/www.fuldaernachrichten.de\/wp-content\/uploads\/2013\/12\/facebook-Profilfoto-209x265.jpg 209w, https:\/\/www.fuldaernachrichten.de\/wp-content\/uploads\/2013\/12\/facebook-Profilfoto-474x600.jpg 474w, https:\/\/www.fuldaernachrichten.de\/wp-content\/uploads\/2013\/12\/facebook-Profilfoto.jpg 600w\" sizes=\"(max-width: 265px) 100vw, 265px\" \/><\/a>Fulda. Der Tennis-Club Gr\u00fcn-Wei\u00df e. V. Fulda schickt in der Sommersaison 22 Medenmannschaften an den Start. &#8220;Zwar waren im Jahr 2013 noch 25 Teams aktiv; durch einige Ummeldungen von 4er- auf 6er-Teams hat sich jedoch eine durchaus willkommene Reduzierung der Zahl der Mannschaften ergeben, w\u00e4hrend die Gesamtst\u00e4rke der Teams in etwa gleichgeblieben ist&#8221;, erl\u00e4utert der Vereinsvorsitzende Karsten A\u00dfmann. Mit neun Jugend-, acht Altersklassen-, zwei Damen- und drei Herrenteams ist der TC GW hierbei in allen Bereichen gut aufgestellt.<\/p>\n<p>Mit unver\u00e4ndertem Konzept tritt GW im Jugendbereich auf den Plan: &#8220;Wir sind gl\u00fccklich dar\u00fcber, da\u00df auch weiterhin etwa die H\u00e4lfte aller GW-Mannschaften aus Jugendteams besteht&#8221;, freut sich Jugendwart und Vereinstrainer Steve Guy.\u00c2\u00a0Mit insgesamt zwei Teams im Altersbereich U12, drei U14-Teams und sogar vier U18-Teams betont der Verein erneut die enorme Bedeutung der Jugendarbeit f\u00fcr die Zukunft des Tennissports.\u00c2\u00a0<!--more--><\/p>\n<p>Das Damentennis erlebt beim TC Gr\u00fcn-Wei\u00df derzeit einen Boom: Das 4er-Team der Sommersaison 2013 wird in eine 6er-Mannschaft umgewandelt, die in der Bezirksoberliga Nordhessen spielen wird. &#8220;Hier formiert sich gerade ein sehr junges, ambitioniertes und schon jetzt sehr spielstarkes Team mit einem tollen Zusammenhalt&#8221;, l\u00e4\u00dft Sportwartin Hana Guy Gro\u00dfes vorausahnen. Zudem wird eine Damen II als 4er-Team neu gegr\u00fcndet. Noch keine Prognose kann A\u00dfmann dahingehend abgeben, in welchen Ligen die drei Herrenteams des TC GW 2014 spielen werden: &#8220;Zwar wurde eine erste Voreinteilung bekanntgegeben, aber da gibt es immer nochmal gr\u00f6\u00dfere Umw\u00e4lzungen&#8221;, kommentiert A\u00dfmann die komplizierten Ligazusammenstellungen, und weiter: &#8220;Klar ist nur der Aufstieg der Herren III in die Bezirksliga; alles andere befindet sich noch im Flu\u00df.&#8221;<\/p>\n<p>Stolz ist man beim TC Gr\u00fcn-Wei\u00df \u00fcber die R\u00fcckkehr der Herren 60 in die Regionalliga. &#8220;Sigi Plass und sein Team haben eine tolle Saison gespielt, und wir sind sehr gl\u00fccklich, da\u00df wieder eines unserer Teams derart hochklassig spielt&#8221;, freut sich Sportwartin Hana Guy. Kleiner Wermutstropfen hingegen ist der Verzicht der Damen 30 auf den Aufstieg in die Hessenliga: &#8220;So ein Aufstieg macht nat\u00fcrlich nur Sinn, wenn das Team auch 2014 mindestens so gut besetzt sein wird wie im Vorjahr, was aber familienplanungsbedingt leider nicht ganz der Fall sein wird&#8221;, h\u00e4lt sich Vereinsvorsitzender A\u00dfmann bez\u00fcglich konkreterer Personalien bedeckt. Ihren Aufstieg wahrnehmen wird hingegen die Herren 40 I, welche zuk\u00fcnftig als 6er-Team in der Bezirksoberliga spielen wird. Damen 40, Damen 50, Herren 60 II sowie Herren 40 II und III starten wie gehabt. Eine Herren 30 hat der Verein hingegen auch 2014 nicht gemeldet: &#8220;Unsere Herren III besteht zwar ausschlie\u00dflich aus \u00dc30-Spielern, aber den Beteiligten ist es eher Ansporn, sich mit J\u00fcngeren zu messen, so lange es noch einigerma\u00dfen geht&#8221;, erl\u00e4utert A\u00dfmann, der zugleich auch als Mannschaftsf\u00fchrer der Herren III fungiert.<\/p>\n<p>Auch 2014 wird es umfassende Turnierangebote f\u00fcr alle Altersklassen geben. \u201eDer von GW Fulda seit zwei Jahren zu Beginn der Sommersaison ausgerichtete HEURICH CUP hat auch 2013 alle Erwartungen \u00fcbertroffen\u201c, freut sich Jugendwart Steve Guy. Mit \u00fcber 130 teilnehmenden Kindern und Jugendlichen aus dem gesamten Bundesgebiet wurde der HEURICH CUP auch bei seiner zweiten Durchf\u00fchrung sensationell gut angenommen, so da\u00df das DTB-Ranglistenturnier am 3. und 4. Mai 2014 erneut angeboten werden wird; am letzten Wochenende der Sommerferien wird zudem der INLINGUA CUP &#8211; wie auch der HEURICH CUP ein DTB-Turnier f\u00fcr die Altersklassen U10 bis U21 &#8211; auf der Anlage des TC Gr\u00fcn-Wei\u00df ausgetragen werden.<\/p>\n<p>Hobbyspieler indes kommen vor allem beim w\u00e4hrend der Wintersaison veranstalteten JORDAN CUP, der Tennis-Winterrunde f\u00fcr Fulda und Osthessen, voll auf ihre Kosten; bei diesem Turnier stellt der TC GW in der laufenden Saison 2013\/14 sogar zwei Teams, welches gegenw\u00e4rtig die Tabellen der Gruppen A und B anf\u00fchren. Vereinsintern angebotene Schleifchenturniere werden das Angebot des TC GW abrunden; wann diese stattfinden werden, steht laut GW-Vereinsvorsitzendem Karsten A\u00dfmann allerdings noch in den Sternen: \u201eWenn es l\u00e4uft wie im Sommer 2013, als sehr viele unserer Teams acht Medenspieltage zu bew\u00e4ltigen hatten, dann wird es eng im Terminkalender.\u201c A\u00dfmann ist dennoch zuversichtlich, f\u00fcr Freizeitspieler den einen oder anderen Termin f\u00fcr ein Hobbyturnier zu finden.<\/p>\n<p>Die konkreten Ligaeinteilungen wird der Hessische Tennisverband gegen Ende Januar 2014 bekanntgeben. Namentliche Meldungen einzelner Spielerinnen und Spieler k\u00f6nnen sogar bis zum 15. M\u00e4rz 2014 erfolgen; bis zu diesem Datum also k\u00f6nnen interessierte Tennisspieler durch den Verein ihrer Wahl f\u00fcr den Mannschaftsspielbetrieb noch an- bzw. umgemeldet werden. Der TC GW nimmt Neumitglieder jedes Alters gerne auf und integriert sie, sofern die Anmeldung bis zum 15. M\u00e4rz 2014 erfolgt, auf Wunsch auch umgehend in den Spielbetrieb.<\/p>\n","protected":false},"excerpt":{"rendered":"<div class=\"tmnf_excerpt\"><p>Fulda. Der Tennis-Club Gr\u00fcn-Wei\u00df e. V. Fulda schickt in der Sommersaison 22 Medenmannschaften an den Start. &#8220;Zwar waren im Jahr 2013 noch 25 Teams aktiv; durch einige Ummeldungen von 4er- auf 6er-Teams hat sich jedoch eine durchaus willkommene Reduzierung der Zahl der Mannschaften ergeben, w\u00e4hrend die Gesamtst\u00e4rke der Teams in etwa gleichgeblieben ist&#8221;, erl\u00e4utert der &hellip;<\/p>\n<\/div>","protected":false},"author":1,"featured_media":0,"comment_status":"closed","ping_status":"closed","sticky":false,"template":"","format":"standard","meta":{"footnotes":""},"categories":[1,46],"tags":[],"class_list":["post-118296","post","type-post","status-publish","format-standard","hentry","category-startseite","category-sport"],"_links":{"self":[{"href":"https:\/\/www.fuldaernachrichten.de\/index.php?rest_route=\/wp\/v2\/posts\/118296","targetHints":{"allow":["GET"]}}],"collection":[{"href":"https:\/\/www.fuldaernachrichten.de\/index.php?rest_route=\/wp\/v2\/posts"}],"about":[{"href":"https:\/\/www.fuldaernachrichten.de\/index.php?rest_route=\/wp\/v2\/types\/post"}],"author":[{"embeddable":true,"href":"https:\/\/www.fuldaernachrichten.de\/index.php?rest_route=\/wp\/v2\/users\/1"}],"replies":[{"embeddable":true,"href":"https:\/\/www.fuldaernachrichten.de\/index.php?rest_route=%2Fwp%2Fv2%2Fcomments&post=118296"}],"version-history":[{"count":1,"href":"https:\/\/www.fuldaernachrichten.de\/index.php?rest_route=\/wp\/v2\/posts\/118296\/revisions"}],"predecessor-version":[{"id":118298,"href":"https:\/\/www.fuldaernachrichten.de\/index.php?rest_route=\/wp\/v2\/posts\/118296\/revisions\/118298"}],"wp:attachment":[{"href":"https:\/\/www.fuldaernachrichten.de\/index.php?rest_route=%2Fwp%2Fv2%2Fmedia&parent=118296"}],"wp:term":[{"taxonomy":"category","embeddable":true,"href":"https:\/\/www.fuldaernachrichten.de\/index.php?rest_route=%2Fwp%2Fv2%2Fcategories&post=118296"},{"taxonomy":"post_tag","embeddable":true,"href":"https:\/\/www.fuldaernachrichten.de\/index.php?rest_route=%2Fwp%2Fv2%2Ftags&post=118296"}],"curies":[{"name":"wp","href":"https:\/\/api.w.org\/{rel}","templated":true}]}}