{"id":118293,"date":"2013-12-28T00:10:20","date_gmt":"2013-12-28T00:10:20","guid":{"rendered":"http:\/\/www.fuldaer-nachrichten.de\/?p=118293"},"modified":"2013-12-28T09:09:56","modified_gmt":"2013-12-28T09:09:56","slug":"muetterzentrum-e-v-die-muetze-nimmt-spende-entgegen","status":"publish","type":"post","link":"https:\/\/www.fuldaernachrichten.de\/?p=118293","title":{"rendered":"M\u00fctterzentrum e. V. &#8220;Die M\u00dcTZE&#8221; nimmt Spende entgegen"},"content":{"rendered":"<p><a href=\"http:\/\/www.fuldaer-nachrichten.de\/wp-content\/uploads\/2013\/12\/P1010947-Kopie.jpg\"><img fetchpriority=\"high\" decoding=\"async\" class=\"alignleft size-thumbnail wp-image-118294\" alt=\"P1010947 - Kopie\" src=\"http:\/\/www.fuldaer-nachrichten.de\/wp-content\/uploads\/2013\/12\/P1010947-Kopie-265x198.jpg\" width=\"265\" height=\"198\" srcset=\"https:\/\/www.fuldaernachrichten.de\/wp-content\/uploads\/2013\/12\/P1010947-Kopie-265x198.jpg 265w, https:\/\/www.fuldaernachrichten.de\/wp-content\/uploads\/2013\/12\/P1010947-Kopie.jpg 600w\" sizes=\"(max-width: 265px) 100vw, 265px\" \/><\/a>Fulda. Anl\u00e4sslich der Weihnachtsfeier des M\u00fctterzentrums e.V. \u00fcberreichte Nicole Dietzel (dinias Fotografie)eine Spende in H\u00f6he von 500,- \u00e2\u201a\u00ac. Der Vorstand Frau Spruck und Frau Prinzhorn freuten sich sehr \u00fcber die Spende, da &#8220;Die M\u00dcTZE&#8221; auf zus\u00e4tzliche Spenden angewiesen ist, um die gestiegenen Betriebskosten zu decken.<\/p>\n","protected":false},"excerpt":{"rendered":"<div class=\"tmnf_excerpt\"><p>Fulda. Anl\u00e4sslich der Weihnachtsfeier des M\u00fctterzentrums e.V. \u00fcberreichte Nicole Dietzel (dinias Fotografie)eine Spende in H\u00f6he von 500,- \u00e2\u201a\u00ac. Der Vorstand Frau Spruck und Frau Prinzhorn freuten sich sehr \u00fcber die Spende, da &#8220;Die M\u00dcTZE&#8221; auf zus\u00e4tzliche Spenden angewiesen ist, um die gestiegenen Betriebskosten zu decken.<\/p>\n<\/div>","protected":false},"author":1,"featured_media":0,"comment_status":"closed","ping_status":"closed","sticky":false,"template":"","format":"standard","meta":{"footnotes":""},"categories":[1,72],"tags":[],"class_list":["post-118293","post","type-post","status-publish","format-standard","hentry","category-startseite","category-jugend"],"_links":{"self":[{"href":"https:\/\/www.fuldaernachrichten.de\/index.php?rest_route=\/wp\/v2\/posts\/118293","targetHints":{"allow":["GET"]}}],"collection":[{"href":"https:\/\/www.fuldaernachrichten.de\/index.php?rest_route=\/wp\/v2\/posts"}],"about":[{"href":"https:\/\/www.fuldaernachrichten.de\/index.php?rest_route=\/wp\/v2\/types\/post"}],"author":[{"embeddable":true,"href":"https:\/\/www.fuldaernachrichten.de\/index.php?rest_route=\/wp\/v2\/users\/1"}],"replies":[{"embeddable":true,"href":"https:\/\/www.fuldaernachrichten.de\/index.php?rest_route=%2Fwp%2Fv2%2Fcomments&post=118293"}],"version-history":[{"count":1,"href":"https:\/\/www.fuldaernachrichten.de\/index.php?rest_route=\/wp\/v2\/posts\/118293\/revisions"}],"predecessor-version":[{"id":118295,"href":"https:\/\/www.fuldaernachrichten.de\/index.php?rest_route=\/wp\/v2\/posts\/118293\/revisions\/118295"}],"wp:attachment":[{"href":"https:\/\/www.fuldaernachrichten.de\/index.php?rest_route=%2Fwp%2Fv2%2Fmedia&parent=118293"}],"wp:term":[{"taxonomy":"category","embeddable":true,"href":"https:\/\/www.fuldaernachrichten.de\/index.php?rest_route=%2Fwp%2Fv2%2Fcategories&post=118293"},{"taxonomy":"post_tag","embeddable":true,"href":"https:\/\/www.fuldaernachrichten.de\/index.php?rest_route=%2Fwp%2Fv2%2Ftags&post=118293"}],"curies":[{"name":"wp","href":"https:\/\/api.w.org\/{rel}","templated":true}]}}