{"id":118290,"date":"2013-12-28T09:08:08","date_gmt":"2013-12-28T09:08:08","guid":{"rendered":"http:\/\/www.fuldaer-nachrichten.de\/?p=118290"},"modified":"2013-12-28T09:08:08","modified_gmt":"2013-12-28T09:08:08","slug":"mit-zu-besuch-bei-paltian-treppenbau","status":"publish","type":"post","link":"https:\/\/www.fuldaernachrichten.de\/?p=118290","title":{"rendered":"MIT zu Besuch bei Paltian Treppenbau"},"content":{"rendered":"<div id=\"attachment_118291\" style=\"width: 275px\" class=\"wp-caption alignleft\"><a href=\"http:\/\/www.fuldaer-nachrichten.de\/wp-content\/uploads\/2013\/12\/Betriebsbesichtigung-bei-Paltian-Treppenbau-in-Motten-1.jpg\"><img fetchpriority=\"high\" decoding=\"async\" aria-describedby=\"caption-attachment-118291\" class=\"size-thumbnail wp-image-118291\" alt=\"auf der Treppe oben von links: Gesch\u00e4ftsf\u00fchrer der Fa. Paltian, Michael Paltian , MIT Vorsitzender Rh\u00f6n, Lothar Schreiber und 6. von links B\u00fcrgermeister Jochen Vogel\" src=\"http:\/\/www.fuldaer-nachrichten.de\/wp-content\/uploads\/2013\/12\/Betriebsbesichtigung-bei-Paltian-Treppenbau-in-Motten-1-265x198.jpg\" width=\"265\" height=\"198\" srcset=\"https:\/\/www.fuldaernachrichten.de\/wp-content\/uploads\/2013\/12\/Betriebsbesichtigung-bei-Paltian-Treppenbau-in-Motten-1-265x198.jpg 265w, https:\/\/www.fuldaernachrichten.de\/wp-content\/uploads\/2013\/12\/Betriebsbesichtigung-bei-Paltian-Treppenbau-in-Motten-1.jpg 600w\" sizes=\"(max-width: 265px) 100vw, 265px\" \/><\/a><p id=\"caption-attachment-118291\" class=\"wp-caption-text\">auf der Treppe oben von links: Gesch\u00e4ftsf\u00fchrer der Fa. Paltian, Michael Paltian , MIT Vorsitzender Rh\u00f6n, Lothar Schreiber und 6. von links B\u00fcrgermeister Jochen Vogel<\/p><\/div>\n<p>Motten. Zusammen mit dem Gewerbestammtisch der Gemeinde Motten besuchte der MIT-Gemeindeverband Rh\u00f6n die Firma Paltian Treppenbau. Mottens B\u00fcrgermeister Jochen Vogel und der 1. Vorsitzende der MIT Rh\u00f6n Lothar Schreiber begr\u00fc\u00dften die zahlreichen Besucher und bedankten sich bei den Gesch\u00e4ftsf\u00fchrern Michael und Werner Paltian, die zu der Betriebsbesichtigung eingeladen hatten.<!--more--><\/p>\n<p>Das Unternehmen begann 1917 als Schreinerei und entwickelte sich innerhalb von nur zwei Generationen zum Spezialisten f\u00fcr den Bau von Holztreppen, die bundesweit und in gro\u00dfen Teilen S\u00fcdeuropas verbaut werden. Mit 50 Mitarbeitern entwickelt und produziert der DHTI-qualifizierte Meisterbetrieb pro Jahr \u00fcber 1.200 individuelle Treppen aus vorwiegend regionalen H\u00f6lzern und das f\u00fcr jeden Geldbeutel. Die mit modernsten Maschinen wie Laserprojektoren oder CNC-Fr\u00e4sen gefertigten Baust\u00fccke werden anschlie\u00dfend in Handarbeit zusammengef\u00fcgt und lackiert. Auch der zeitgem\u00e4\u00dfe Einbau von Lampen und Bewegungsmeldern ist nat\u00fcrlich m\u00f6glich.<\/p>\n<p>Im Anschluss an die sehr interessante und aufschlussreiche F\u00fchrung lenkte Stefan Jehn, Gesch\u00e4ftsf\u00fchrer des BBZ Fulda und Leiter der F\u00fchrungsakademie Mitte, in seiner Pr\u00e4sentation \u201eF\u00fchrung entscheidet\u201c den Blick auf die Mitarbeiterf\u00fchrung. Gerade in den kleineren und mittelst\u00e4ndischen Firmen wachsen qualifizierte Fachleute oft in F\u00fchrungspositionen hinein ohne sich fundiertes F\u00fchrungsfachwissen angeeignet zu haben. Hier m\u00fcsse jeder Betrieb f\u00fcr sich ein durchg\u00e4ngiges Konzept erstellen, um den Erfolg des Unternehmens nicht zu gef\u00e4hrden.<\/p>\n","protected":false},"excerpt":{"rendered":"<div class=\"tmnf_excerpt\"><p>Motten. Zusammen mit dem Gewerbestammtisch der Gemeinde Motten besuchte der MIT-Gemeindeverband Rh\u00f6n die Firma Paltian Treppenbau. Mottens B\u00fcrgermeister Jochen Vogel und der 1. Vorsitzende der MIT Rh\u00f6n Lothar Schreiber begr\u00fc\u00dften die zahlreichen Besucher und bedankten sich bei den Gesch\u00e4ftsf\u00fchrern Michael und Werner Paltian, die zu der Betriebsbesichtigung eingeladen hatten.<\/p>\n<\/div>","protected":false},"author":1,"featured_media":0,"comment_status":"closed","ping_status":"closed","sticky":false,"template":"","format":"standard","meta":{"footnotes":""},"categories":[1,29],"tags":[],"class_list":["post-118290","post","type-post","status-publish","format-standard","hentry","category-startseite","category-politik"],"_links":{"self":[{"href":"https:\/\/www.fuldaernachrichten.de\/index.php?rest_route=\/wp\/v2\/posts\/118290","targetHints":{"allow":["GET"]}}],"collection":[{"href":"https:\/\/www.fuldaernachrichten.de\/index.php?rest_route=\/wp\/v2\/posts"}],"about":[{"href":"https:\/\/www.fuldaernachrichten.de\/index.php?rest_route=\/wp\/v2\/types\/post"}],"author":[{"embeddable":true,"href":"https:\/\/www.fuldaernachrichten.de\/index.php?rest_route=\/wp\/v2\/users\/1"}],"replies":[{"embeddable":true,"href":"https:\/\/www.fuldaernachrichten.de\/index.php?rest_route=%2Fwp%2Fv2%2Fcomments&post=118290"}],"version-history":[{"count":1,"href":"https:\/\/www.fuldaernachrichten.de\/index.php?rest_route=\/wp\/v2\/posts\/118290\/revisions"}],"predecessor-version":[{"id":118292,"href":"https:\/\/www.fuldaernachrichten.de\/index.php?rest_route=\/wp\/v2\/posts\/118290\/revisions\/118292"}],"wp:attachment":[{"href":"https:\/\/www.fuldaernachrichten.de\/index.php?rest_route=%2Fwp%2Fv2%2Fmedia&parent=118290"}],"wp:term":[{"taxonomy":"category","embeddable":true,"href":"https:\/\/www.fuldaernachrichten.de\/index.php?rest_route=%2Fwp%2Fv2%2Fcategories&post=118290"},{"taxonomy":"post_tag","embeddable":true,"href":"https:\/\/www.fuldaernachrichten.de\/index.php?rest_route=%2Fwp%2Fv2%2Ftags&post=118290"}],"curies":[{"name":"wp","href":"https:\/\/api.w.org\/{rel}","templated":true}]}}