{"id":118271,"date":"2013-12-27T00:20:00","date_gmt":"2013-12-27T00:20:00","guid":{"rendered":"http:\/\/www.fuldaer-nachrichten.de\/?p=118271"},"modified":"2013-12-26T18:38:05","modified_gmt":"2013-12-26T18:38:05","slug":"tanner-trachtengruppe-sucht-mitglieder-die-sich-fuer-traditionen-interessieren","status":"publish","type":"post","link":"https:\/\/www.fuldaernachrichten.de\/?p=118271","title":{"rendered":"Tanner Trachtengruppe sucht Mitglieder, die sich f\u00fcr Traditionen interessieren"},"content":{"rendered":"<div id=\"attachment_118273\" style=\"width: 275px\" class=\"wp-caption alignleft\"><a href=\"http:\/\/www.fuldaer-nachrichten.de\/wp-content\/uploads\/2013\/12\/568-Trachtengruppe-Tann.jpg\"><img decoding=\"async\" aria-describedby=\"caption-attachment-118273\" class=\"size-thumbnail wp-image-118273\" alt=\"Ob Baby Lilly bei den Veranstaltungen im kommenden Jahr noch in den Museumsdorf-Kinderwagen passt? Wenn ja, fehlt es nicht an freiwilligen Wagenschiebern. Von links: Ma-ma Kerstin Reith, Andrea Willing, Emmy, Luise und Diana Heller, Tanja Romeis, Sigrid Christ und Konrad Kirchner \/ Fotos: Limpert \" src=\"http:\/\/www.fuldaer-nachrichten.de\/wp-content\/uploads\/2013\/12\/568-Trachtengruppe-Tann-265x176.jpg\" width=\"265\" height=\"176\" srcset=\"https:\/\/www.fuldaernachrichten.de\/wp-content\/uploads\/2013\/12\/568-Trachtengruppe-Tann-265x176.jpg 265w, https:\/\/www.fuldaernachrichten.de\/wp-content\/uploads\/2013\/12\/568-Trachtengruppe-Tann.jpg 600w\" sizes=\"(max-width: 265px) 100vw, 265px\" \/><\/a><p id=\"caption-attachment-118273\" class=\"wp-caption-text\">Ob Baby Lilly bei den Veranstaltungen im kommenden Jahr noch in den Museumsdorf-Kinderwagen passt? Wenn ja, fehlt es nicht an freiwilligen Wagenschiebern. Von links: Ma-ma Kerstin Reith, Andrea Willing, Emmy, Luise und Diana Heller, Tanja Romeis, Sigrid Christ und Konrad Kirchner \/ Fotos: Limpert<\/p><\/div>\n<p>Tann. Das Tanner Museumsdorf liegt im \u201eWinterschlaf\u201c. Der Bauerngarten ist abger\u00e4umt und die Mitglieder der \u00f6rtlichen Trachtengruppe, die sich in diesem Jahr statt des NABU-Ortsvereins um die Pflege des Museumsgartens gek\u00fcmmert haben, k\u00f6nnen nun nach einem ereignisreichen Jahr durchatmen.<\/p>\n<p>\u201eEines der sch\u00f6nsten Erlebnisse war der Hessentag in Kassel im Juni\u201c, erinnert sich Andrea Willing, die in der Trachtengruppe Tann seit deren Gr\u00fcndung vor 30 Jahren aktiv ist. \u201eDer Kasseler Oberb\u00fcrgermeister Bertram Hilgen hat uns umarmt vor Freude, Vertreter aus seiner alten Heimatstadt zu sehen.\u201c Im August hatte die Stadt Tann gemeinsam mit der Trachtengruppe ins Museumsdorf zu einem Mitmach-Tag eingeladen: Mehr als 20 Kinder nahmen am \u201eAbenteuer 1900\u201c teil und erkundeten, wie die Menschen vor etwa 150 Jahren gelebt haben. Sigrid Christ und Diana Heller zeigten im Dreiseithof, wie aus Wolle Garn gesponnen und dieses dann weiterverarbeitet wird, im Zweiseithof hatten andere Frauen der Trachtengruppe den alten Holzherd angefeuert und kochten Suppe mit frisch geerntetem Gem\u00fcse aus dem Museumsgarten. Ohne die Trachtengruppe, lobt Michael Z\u00f6rgiebel, der Leiter des Tanner Touristikb\u00fcros, w\u00e4re die Veranstaltung nicht m\u00f6glich gewesen.<!--more--><\/p>\n<p>\u201eMir ist es wichtig zu zeigen, was die Leute fr\u00fcher geleistet haben\u201c, sagt Kerstin Reith, die auch nach ihrem Umzug in den Ehrenberger Ortsteil Reulbach der Tanner Trachtengruppe die Treue h\u00e4lt. \u201eHeute gibt es alles zu kaufen. Fr\u00fcher wurden die Dinge mehr wertgesch\u00e4tzt,\u00c2\u00a0 weil jeder wusste, wie viel M\u00fche mit der Herstellung verbunden war.\u201c Nach Meinung der 32-J\u00e4hrigen waren die Menschen trotz der vielen Arbeit damals zufriedener als heute. \u201eIch will die Vergangenheit nicht verkl\u00e4ren\u201c, betont Andrea Willing. \u201eAber es tut mir leid, wenn alte Kenntnisse komplett verloren gehen.\u201c Die 45-J\u00e4hrige sieht sich selbst als eher konservativ. \u201eMan kann nur wissen, wo man hin will, wenn man wei\u00df, wo man her kommt\u201c, meint sie.<\/p>\n<div id=\"attachment_118272\" style=\"width: 275px\" class=\"wp-caption alignleft\"><a href=\"http:\/\/www.fuldaer-nachrichten.de\/wp-content\/uploads\/2013\/12\/568-Trachtengruppe-am-Webstuhl.jpg\"><img fetchpriority=\"high\" decoding=\"async\" aria-describedby=\"caption-attachment-118272\" class=\"size-thumbnail wp-image-118272\" alt=\"Auch Weben und Spinnen geh\u00f6ren f\u00fcr die Tanner Trachtengruppe zur Brauchtumspflege.\" src=\"http:\/\/www.fuldaer-nachrichten.de\/wp-content\/uploads\/2013\/12\/568-Trachtengruppe-am-Webstuhl-265x357.jpg\" width=\"265\" height=\"357\" srcset=\"https:\/\/www.fuldaernachrichten.de\/wp-content\/uploads\/2013\/12\/568-Trachtengruppe-am-Webstuhl-265x357.jpg 265w, https:\/\/www.fuldaernachrichten.de\/wp-content\/uploads\/2013\/12\/568-Trachtengruppe-am-Webstuhl-196x265.jpg 196w, https:\/\/www.fuldaernachrichten.de\/wp-content\/uploads\/2013\/12\/568-Trachtengruppe-am-Webstuhl-444x600.jpg 444w, https:\/\/www.fuldaernachrichten.de\/wp-content\/uploads\/2013\/12\/568-Trachtengruppe-am-Webstuhl.jpg 600w\" sizes=\"(max-width: 265px) 100vw, 265px\" \/><\/a><p id=\"caption-attachment-118272\" class=\"wp-caption-text\">Auch Weben und Spinnen geh\u00f6ren f\u00fcr die Tanner Trachtengruppe zur Brauchtumspflege.<\/p><\/div>\n<p>Mit dem derzeitigen Mittelalter-Boom hat die Gruppe nichts am Hut: Den Mitgliedern ist wichtig, dass sie mit ihren Trachten jene Epoche von vor 150 bis 200 Jahren verk\u00f6rpern, die im Tanner Museumsdorf nachgestellt ist: Es war eine Zeit, als die Rh\u00f6n von der Industrialisierung weitgehend unber\u00fchrt war, schlechte Ernten Hunger und Seuchen nach sich zogen, aber sich zugleich auch ein neues b\u00fcrgerliches Selbstbewusstsein herausbildete.<\/p>\n<p>Wenn von der vierk\u00f6pfigen Stammgruppe jemand ausf\u00e4llt, wie Kerstin Reith im zur\u00fcckliegenden Jahr wegen ihrer Schwangerschaft, wird es f\u00fcr die \u00dcbrigen anstrengend, die Aufgaben, zum Beispiel die Repr\u00e4sentation beim Tanner Wirtefest oder das Verteilen von bunten Eiern beim Osterkonzert am Marktplatz, zu erf\u00fcllen. Zum Gl\u00fcck finden sich aber immer wieder Mitb\u00fcrger, welche die vier Frauen bei Einzel-Aktionen unterst\u00fctzen, darunter viele Jugendliche.\u00c2\u00a0 Auch Andrea Willings Mann und ihr Sohn Konrad Kirchner geh\u00f6ren zur Trachtengruppe. Beim \u201eAbenteuer 1900\u201c webte der 17-J\u00e4hrige an dem alten Webstuhl, der 2012 auf Initiative seiner Mutter und des Tanner Webers Reinhard Martin aufw\u00e4ndig restauriert worden ist. \u201eGeschichte und Tradition sind wertvoll\u201c, begr\u00fcndet der Sch\u00fcler des Fuldaer Domgymnasiums sein ungew\u00f6hnliches Hobby, \u201eund Wertvolles sollte man nicht verkommen lassen.\u201c<\/p>\n<p>\u201eWer Interesse an Brauchtumspflege hat, ist bei uns herzlich willkommen. Und keine Angst: Im Unterschied zu vielen anderen Trachtengruppen tanzen wir nicht\u201c, wirbt Andrea Willing um weitere Aktive. \u201eOriginale M\u00e4nnerkleidung haben wir bis auf einige Gehr\u00f6cke leider nicht. Aber Frauen k\u00f6nnen gern die Alltags- und Sonntagstrachten aus unserem Fundus anprobieren. Vielleicht passt ja eine.\u201c So wie Sabine Malter, die an Ostern als Zuschauerin von den besonderen Kleidungsst\u00fccken so angetan war, dass sie kurz darauf mit dem Bus f\u00fcr eine Anprobe zur Familie Kirchner-Willing nach Neust\u00e4dtges fuhr und im September beim Wirtefest-Umzug trotz ihrer Behinderung selbst in Tracht und mit Begeisterung mitlief. Der im Herbst geborenen Lilly Reith dagegen sind Rock und Jacke viel zu gro\u00df. Daf\u00fcr passt sie in den nostalgischen Kinderwagen aus dem Museumsdorf.<\/p>\n<p><b>Kontakt<\/b><\/p>\n<p>Wer bei der Gruppe mitmachen oder alte Trachtenst\u00fccke zur Verf\u00fcgung stellen m\u00f6chte, kann sich unter Telefon (06682)8143 melden.<\/p>\n","protected":false},"excerpt":{"rendered":"<div class=\"tmnf_excerpt\"><p>Tann. Das Tanner Museumsdorf liegt im \u201eWinterschlaf\u201c. Der Bauerngarten ist abger\u00e4umt und die Mitglieder der \u00f6rtlichen Trachtengruppe, die sich in diesem Jahr statt des NABU-Ortsvereins um die Pflege des Museumsgartens gek\u00fcmmert haben, k\u00f6nnen nun nach einem ereignisreichen Jahr durchatmen. \u201eEines der sch\u00f6nsten Erlebnisse war der Hessentag in Kassel im Juni\u201c, erinnert sich Andrea Willing, die &hellip;<\/p>\n<\/div>","protected":false},"author":1,"featured_media":0,"comment_status":"closed","ping_status":"closed","sticky":false,"template":"","format":"standard","meta":{"footnotes":""},"categories":[1,44],"tags":[],"class_list":["post-118271","post","type-post","status-publish","format-standard","hentry","category-startseite","category-kultur"],"_links":{"self":[{"href":"https:\/\/www.fuldaernachrichten.de\/index.php?rest_route=\/wp\/v2\/posts\/118271","targetHints":{"allow":["GET"]}}],"collection":[{"href":"https:\/\/www.fuldaernachrichten.de\/index.php?rest_route=\/wp\/v2\/posts"}],"about":[{"href":"https:\/\/www.fuldaernachrichten.de\/index.php?rest_route=\/wp\/v2\/types\/post"}],"author":[{"embeddable":true,"href":"https:\/\/www.fuldaernachrichten.de\/index.php?rest_route=\/wp\/v2\/users\/1"}],"replies":[{"embeddable":true,"href":"https:\/\/www.fuldaernachrichten.de\/index.php?rest_route=%2Fwp%2Fv2%2Fcomments&post=118271"}],"version-history":[{"count":1,"href":"https:\/\/www.fuldaernachrichten.de\/index.php?rest_route=\/wp\/v2\/posts\/118271\/revisions"}],"predecessor-version":[{"id":118274,"href":"https:\/\/www.fuldaernachrichten.de\/index.php?rest_route=\/wp\/v2\/posts\/118271\/revisions\/118274"}],"wp:attachment":[{"href":"https:\/\/www.fuldaernachrichten.de\/index.php?rest_route=%2Fwp%2Fv2%2Fmedia&parent=118271"}],"wp:term":[{"taxonomy":"category","embeddable":true,"href":"https:\/\/www.fuldaernachrichten.de\/index.php?rest_route=%2Fwp%2Fv2%2Fcategories&post=118271"},{"taxonomy":"post_tag","embeddable":true,"href":"https:\/\/www.fuldaernachrichten.de\/index.php?rest_route=%2Fwp%2Fv2%2Ftags&post=118271"}],"curies":[{"name":"wp","href":"https:\/\/api.w.org\/{rel}","templated":true}]}}