{"id":118267,"date":"2013-12-27T00:15:35","date_gmt":"2013-12-27T00:15:35","guid":{"rendered":"http:\/\/www.fuldaer-nachrichten.de\/?p=118267"},"modified":"2013-12-26T18:33:39","modified_gmt":"2013-12-26T18:33:39","slug":"friedenslicht-aus-bethlehem-erhellt-auch-waechtersbach","status":"publish","type":"post","link":"https:\/\/www.fuldaernachrichten.de\/?p=118267","title":{"rendered":"Friedenslicht aus Bethlehem erhellt auch W\u00e4chtersbach"},"content":{"rendered":"<p><a href=\"http:\/\/www.fuldaer-nachrichten.de\/wp-content\/uploads\/2013\/12\/2013-12-26-Bild2.jpg\"><img decoding=\"async\" class=\"alignleft size-thumbnail wp-image-118268\" alt=\"2013-12-26 Bild2\" src=\"http:\/\/www.fuldaer-nachrichten.de\/wp-content\/uploads\/2013\/12\/2013-12-26-Bild2-265x148.jpg\" width=\"265\" height=\"148\" srcset=\"https:\/\/www.fuldaernachrichten.de\/wp-content\/uploads\/2013\/12\/2013-12-26-Bild2-265x148.jpg 265w, https:\/\/www.fuldaernachrichten.de\/wp-content\/uploads\/2013\/12\/2013-12-26-Bild2.jpg 600w\" sizes=\"(max-width: 265px) 100vw, 265px\" \/><\/a>W\u00e4chtersbach. Das Friedenslicht aus Bethlehem kam am 3. Advent aus Wien nach Deutschland und \u00fcber die bistumsweite Aussendungsfeier im Fuldaer Dom auch nach W\u00e4chtersbach. Dort sorgten die Georgspfadfinder vom Stamm St. Bonifatius in den letzten Tagen daf\u00fcr, das Licht und seine Botschaft auch in der Stadt zu verbreiten.<!--more--><\/p>\n<p>So besuchte am 4. Advent eine kleine Gruppe von Leiterinnen und Leitern die W\u00e4chtersbacher Moschee und brachten das Friedenslicht dorthin. Die Pfadfinderinnen und Pfadfinder wurden von Hakan Akbulut, dem Vorsitzenden des t\u00fcrkisch-islamischen Kulturvereins, Vertretern der Jugendgruppe des Vereins sowie dem Vorsitzendem des Ausl\u00e4nderbeirats W\u00e4chtersbach, Cengiz Degermenci, herzlich empfangen, denen das Friedenslicht \u00fcberreicht wurde. Neben einem lebendigen Austausch und einer F\u00fchrung durch Gebetsraum, Jugendr\u00e4ume und Caf\u00e9 gaben alle Anwesenden dem Wunsch und der Hoffnung Ausdruck, dass die in diesem Jahr im Rahmen der 72-Stunden-Aktion entstandenen Kontakte und Verbindungen weiter gepflegt und ausgebaut werden. Dazu gibt es schon erste Ideen, so dass sicher weitere Ankn\u00fcpfungspunkte entstehen und der Zusammenhalt in W\u00e4chtersbach weiter gest\u00e4rkt wird.<\/p>\n<p><a href=\"http:\/\/www.fuldaer-nachrichten.de\/wp-content\/uploads\/2013\/12\/2013-12-26-Bild1.jpeg\"><img decoding=\"async\" class=\"alignleft size-thumbnail wp-image-118269\" alt=\"2013-12-26 Bild1\" src=\"http:\/\/www.fuldaer-nachrichten.de\/wp-content\/uploads\/2013\/12\/2013-12-26-Bild1-265x169.jpeg\" width=\"265\" height=\"169\" srcset=\"https:\/\/www.fuldaernachrichten.de\/wp-content\/uploads\/2013\/12\/2013-12-26-Bild1-265x169.jpeg 265w, https:\/\/www.fuldaernachrichten.de\/wp-content\/uploads\/2013\/12\/2013-12-26-Bild1.jpeg 600w\" sizes=\"(max-width: 265px) 100vw, 265px\" \/><\/a>Im Rahmen der Kinderkrippenfeier am Heiligen Abend verteilten die Pfadfinderinnen und Pfadfinder das Friedenslicht an die Gottesdienstbesucher. Stammeskurat Daniel Stehling wies auf die Entstehung und die Intention der Aktion hin und lud dazu ein, das Licht mit nach Hause zu nehmen und es weiter zu geben in der Familie, aber auch an Nachbarn oder und gerade an diejenigen, die ein Zeichen der W\u00e4rme und der N\u00e4he brauchen. \u201eSo soll sich in W\u00e4chtersbach dieses Zeichen des Friedens \u00fcber Religionen und Nationalit\u00e4ten hinweg ausbreiten,\u201c forderte Stehling auf, und viele Familien nahmen sich denn auch eine brennende Kerze aus der Kirche mit.<\/p>\n<p>Weitere Informationen zur Arbeit der DPSG St. Bonifatius W\u00e4chtersbach sind unter <a href=\"http:\/\/www.stamm-bonifatius.de\/\">http:\/\/www.stamm-bonifatius.de\/<\/a> zu finden. Wer die Arbeit des Stammes unterst\u00fctzen m\u00f6chte, kann dies gerne tun: DPSG W\u00e4chtersbach, Kto 5 479 878 bei der VR Bank W\u00e4chtersbach (BLZ 506 616 39).<\/p>\n<p>Der Stamm St. Bonifatius W\u00e4chtersbach ist mit seinen \u00fcber 100 Mitgliedern Teil der DPSG im Bistum Fulda, in der \u00fcber 1000 Pfadfinder in 21 St\u00e4mmen aktiv sind. Die DPSG ist mit 95.000 Mitgliedern der gr\u00f6\u00dfte katholische Pfadfinderverband in Deutschland. Sie ist Mitglied im Weltpfadfinderverband (WOSM), im Ring deutscher Pfadfinderverb\u00e4nde (RdP) und im Bund der deutschen katholischen Jugend (BDKJ). In Der DPSG werden der Geist und die Traditionen der weltweiten Pfadfinderbewegung gelebt und erlebt. Die DPSG versteht sich als ein Verband, der den Mitgliedern die M\u00f6glichkeit gibt, mit Gleichaltrigen selbstverantwortlich und engagiert in Gruppen zusammen zu leben. Die W\u00f6lflinge (7 bis 10 Jahre) entdecken und gestalten ihren Alltag. Die Jungpfadfinder (10 bis 13 Jahre) erleben gemeinsam den Beginn der Jugend. Pfadfinder (13 bis 16 Jahre) wagen es, ihren eigenen Weg zu gehen. Rover (16 bis 20 Jahre) sind unterwegs, erkunden die Welt und packen Probleme an. Begleitet werden die Kinder und Jugendlichen durch erwachsene Leiterinnen und Leiter. (Uli Simon)<\/p>\n","protected":false},"excerpt":{"rendered":"<div class=\"tmnf_excerpt\"><p>W\u00e4chtersbach. Das Friedenslicht aus Bethlehem kam am 3. Advent aus Wien nach Deutschland und \u00fcber die bistumsweite Aussendungsfeier im Fuldaer Dom auch nach W\u00e4chtersbach. Dort sorgten die Georgspfadfinder vom Stamm St. Bonifatius in den letzten Tagen daf\u00fcr, das Licht und seine Botschaft auch in der Stadt zu verbreiten.<\/p>\n<\/div>","protected":false},"author":1,"featured_media":0,"comment_status":"closed","ping_status":"closed","sticky":false,"template":"","format":"standard","meta":{"footnotes":""},"categories":[1],"tags":[],"class_list":["post-118267","post","type-post","status-publish","format-standard","hentry","category-startseite"],"_links":{"self":[{"href":"https:\/\/www.fuldaernachrichten.de\/index.php?rest_route=\/wp\/v2\/posts\/118267","targetHints":{"allow":["GET"]}}],"collection":[{"href":"https:\/\/www.fuldaernachrichten.de\/index.php?rest_route=\/wp\/v2\/posts"}],"about":[{"href":"https:\/\/www.fuldaernachrichten.de\/index.php?rest_route=\/wp\/v2\/types\/post"}],"author":[{"embeddable":true,"href":"https:\/\/www.fuldaernachrichten.de\/index.php?rest_route=\/wp\/v2\/users\/1"}],"replies":[{"embeddable":true,"href":"https:\/\/www.fuldaernachrichten.de\/index.php?rest_route=%2Fwp%2Fv2%2Fcomments&post=118267"}],"version-history":[{"count":1,"href":"https:\/\/www.fuldaernachrichten.de\/index.php?rest_route=\/wp\/v2\/posts\/118267\/revisions"}],"predecessor-version":[{"id":118270,"href":"https:\/\/www.fuldaernachrichten.de\/index.php?rest_route=\/wp\/v2\/posts\/118267\/revisions\/118270"}],"wp:attachment":[{"href":"https:\/\/www.fuldaernachrichten.de\/index.php?rest_route=%2Fwp%2Fv2%2Fmedia&parent=118267"}],"wp:term":[{"taxonomy":"category","embeddable":true,"href":"https:\/\/www.fuldaernachrichten.de\/index.php?rest_route=%2Fwp%2Fv2%2Fcategories&post=118267"},{"taxonomy":"post_tag","embeddable":true,"href":"https:\/\/www.fuldaernachrichten.de\/index.php?rest_route=%2Fwp%2Fv2%2Ftags&post=118267"}],"curies":[{"name":"wp","href":"https:\/\/api.w.org\/{rel}","templated":true}]}}