{"id":118265,"date":"2013-12-27T00:12:54","date_gmt":"2013-12-27T00:12:54","guid":{"rendered":"http:\/\/www.fuldaer-nachrichten.de\/?p=118265"},"modified":"2013-12-26T18:31:10","modified_gmt":"2013-12-26T18:31:10","slug":"spendensammlung-bei-gluehwein-und-bratwurst","status":"publish","type":"post","link":"https:\/\/www.fuldaernachrichten.de\/?p=118265","title":{"rendered":"Spendensammlung bei Gl\u00fchwein und Bratwurst"},"content":{"rendered":"<p>Flieden. Zum mittlerweile 21. mal sammelt das Team des G\u00e4rtner Baumarkts in der Zeit &#8220;zwischen den Jahren&#8221; (27.-31.12.2013) durch den Verkauf von warmen Getr\u00e4nken und Bratw\u00fcrstchen Geld f\u00fcr Kinder aus dem K\u00f6nigreich Flieden. Der Erl\u00f6s der Aktion geht dieses Jahr an den &#8220;Verein Kinder im K\u00f6nigreich e.V.&#8221;.<!--more--><\/p>\n<p>Dieses Jahr hat sich der Organisator und Firmeninhaber Adolf G\u00e4rtner etwas besonderes einfallen lassen. &#8220;Am Samstag, den 28. Dezember, spielen ab 14 Uhr die Musiker des D\u00f6ngesm\u00fchler Musikvereins bei uns auf&#8221; so G\u00e4rtner und erg\u00e4nzt: &#8220;Eintritt nehmen wir hierf\u00fcr nat\u00fcrlich nicht, sondern freuen uns vielmehr, dass sich die Musikanten bereit erkl\u00e4rt haben uns zu unterst\u00fctzen und hoffen nat\u00fcrlich auch auf gutes Wetter und das viele Menschen den Weg zu uns finden werden.&#8221;<\/p>\n<p>Anfangs startete die W\u00fcrstchenbude zwischen den Jahren aus einer Bierlaune heraus. &#8220;Ich h\u00e4tte nie gedacht, dass wir das \u00fcber solch einen langen Zeitraum machen w\u00fcrden&#8221; erz\u00e4hlt Adolf G\u00e4rtner mit einem L\u00e4cheln im Gesicht und f\u00fcgt gleich hinzu, das er sich sehr dar\u00fcber freue mit seinem Lieblingssnack Bratwurst so viel Gutes zu tun. &#8220;Mittlerweile haben wir durch diese Aktion bereits mehrere tausend Euro sammeln k\u00f6nnen, die wir an verschiedene Einrichtungen im K\u00f6nigreich gespendet haben.&#8221; so G\u00e4rtner. Ihm sei es wichtig, dass die Erl\u00f6se uns Spenden zu 100 % den Kindern im K\u00f6nigreich zugutekommen erg\u00e4nzt er, so konnten sich unter anderem bereits die Fliedner Kinderg\u00e4rten oder &#8220;Die kleinen Strolche in Flieden&#8221; \u00fcber Spenden freuen.<\/p>\n<p>Am 27.\/28.12 und 30.\/31.12 ist die W\u00fcrstchenbude auf dem Hof des Baumarkts jeweils ab 11 Uhr ge\u00f6ffnet. Am Samstag, den 28.12. spielt der Musikverein D\u00f6ngesm\u00fchle ab 14 Uhr.<\/p>\n<p>http:\/\/www.kinder-im-koenigreich.de\/<\/p>\n","protected":false},"excerpt":{"rendered":"<div class=\"tmnf_excerpt\"><p>Flieden. Zum mittlerweile 21. mal sammelt das Team des G\u00e4rtner Baumarkts in der Zeit &#8220;zwischen den Jahren&#8221; (27.-31.12.2013) durch den Verkauf von warmen Getr\u00e4nken und Bratw\u00fcrstchen Geld f\u00fcr Kinder aus dem K\u00f6nigreich Flieden. Der Erl\u00f6s der Aktion geht dieses Jahr an den &#8220;Verein Kinder im K\u00f6nigreich e.V.&#8221;.<\/p>\n<\/div>","protected":false},"author":1,"featured_media":0,"comment_status":"closed","ping_status":"closed","sticky":false,"template":"","format":"standard","meta":{"footnotes":""},"categories":[1,72],"tags":[],"class_list":["post-118265","post","type-post","status-publish","format-standard","hentry","category-startseite","category-jugend"],"_links":{"self":[{"href":"https:\/\/www.fuldaernachrichten.de\/index.php?rest_route=\/wp\/v2\/posts\/118265","targetHints":{"allow":["GET"]}}],"collection":[{"href":"https:\/\/www.fuldaernachrichten.de\/index.php?rest_route=\/wp\/v2\/posts"}],"about":[{"href":"https:\/\/www.fuldaernachrichten.de\/index.php?rest_route=\/wp\/v2\/types\/post"}],"author":[{"embeddable":true,"href":"https:\/\/www.fuldaernachrichten.de\/index.php?rest_route=\/wp\/v2\/users\/1"}],"replies":[{"embeddable":true,"href":"https:\/\/www.fuldaernachrichten.de\/index.php?rest_route=%2Fwp%2Fv2%2Fcomments&post=118265"}],"version-history":[{"count":1,"href":"https:\/\/www.fuldaernachrichten.de\/index.php?rest_route=\/wp\/v2\/posts\/118265\/revisions"}],"predecessor-version":[{"id":118266,"href":"https:\/\/www.fuldaernachrichten.de\/index.php?rest_route=\/wp\/v2\/posts\/118265\/revisions\/118266"}],"wp:attachment":[{"href":"https:\/\/www.fuldaernachrichten.de\/index.php?rest_route=%2Fwp%2Fv2%2Fmedia&parent=118265"}],"wp:term":[{"taxonomy":"category","embeddable":true,"href":"https:\/\/www.fuldaernachrichten.de\/index.php?rest_route=%2Fwp%2Fv2%2Fcategories&post=118265"},{"taxonomy":"post_tag","embeddable":true,"href":"https:\/\/www.fuldaernachrichten.de\/index.php?rest_route=%2Fwp%2Fv2%2Ftags&post=118265"}],"curies":[{"name":"wp","href":"https:\/\/api.w.org\/{rel}","templated":true}]}}