{"id":118255,"date":"2013-12-26T00:09:11","date_gmt":"2013-12-26T00:09:11","guid":{"rendered":"http:\/\/www.fuldaer-nachrichten.de\/?p=118255"},"modified":"2013-12-26T09:29:45","modified_gmt":"2013-12-26T09:29:45","slug":"matthaeus-grundschule-in-steinbach-versucht-individuellen-leistungsunterschieden-der-schuelerinnen-und-schueler-gerecht-zu-werden","status":"publish","type":"post","link":"https:\/\/www.fuldaernachrichten.de\/?p=118255","title":{"rendered":"Matth\u00e4us-Grundschule in Steinbach versucht individuellen Leistungsunterschieden der Sch\u00fclerinnen und Sch\u00fcler gerecht zu werden"},"content":{"rendered":"<div id=\"attachment_118257\" style=\"width: 610px\" class=\"wp-caption alignnone\"><a href=\"http:\/\/www.fuldaer-nachrichten.de\/wp-content\/uploads\/2013\/12\/567-Grundschule-Steinbach2.jpg\"><img fetchpriority=\"high\" decoding=\"async\" aria-describedby=\"caption-attachment-118257\" class=\"size-full wp-image-118257\" alt=\"Ganz konzentriert bei der Arbeit sind die Sch\u00fclerinnen und Sch\u00fcler mit Lehrerin Sigrid Kirsch-Kress (links) beim Herstellen von Weihnachtskarten.                                              \" src=\"http:\/\/www.fuldaer-nachrichten.de\/wp-content\/uploads\/2013\/12\/567-Grundschule-Steinbach2.jpg\" width=\"600\" height=\"377\" srcset=\"https:\/\/www.fuldaernachrichten.de\/wp-content\/uploads\/2013\/12\/567-Grundschule-Steinbach2.jpg 600w, https:\/\/www.fuldaernachrichten.de\/wp-content\/uploads\/2013\/12\/567-Grundschule-Steinbach2-265x166.jpg 265w\" sizes=\"(max-width: 600px) 100vw, 600px\" \/><\/a><p id=\"caption-attachment-118257\" class=\"wp-caption-text\">Ganz konzentriert bei der Arbeit sind die Sch\u00fclerinnen und Sch\u00fcler mit Lehrerin Sigrid Kirsch-Kress (links) beim Herstellen von Weihnachtskarten.<\/p><\/div>\n<p>Burghaun. Es duftet nach frisch gebackenen Pl\u00e4tzchen. Kinder laufen durch die G\u00e4nge, gr\u00fc\u00dfen freundlich und verschwinden in einem der offenen Klassenr\u00e4ume. Man habe heute den Projekttag in der Adventszeit mit Werk- und Bastelarbeiten f\u00fcr Weihnachten, berichtet Schulleiterin Viola Hablawetz (43), die seit 2010 Leiterin der Matth\u00e4us-Schule im Burghauner Ortsteil Steinbach ist.<b> <\/b><\/p>\n<p>In den Klassenr\u00e4umen sind M\u00fctter und V\u00e4ter konzentriert mit den Sch\u00fclerinnen und Sch\u00fclern bei der Arbeit. Dabei kommen immer wieder neue Ideen zum Tragen. Und manchmal wirken auch Eltern mit, deren Kinder schon der Grundschule entwachsen sind. F\u00fcr dieses Jahr stehen unter anderem auf dem Plan: Brettchen mit Brandmalerei, Filz-Herzen zum Aufh\u00e4ngen, Engel aus M\u00e4rchenwolle, Weihnachtsb\u00e4ume aus Papier und Halsschmuck. Zum Entspannen liest Viola Hablawetz im Gemeinschaftsraum Geschichten, denen die Kinder and\u00e4chtig lauschen.<\/p>\n<div id=\"attachment_118256\" style=\"width: 275px\" class=\"wp-caption alignleft\"><a href=\"http:\/\/www.fuldaer-nachrichten.de\/wp-content\/uploads\/2013\/12\/567-Grundschule-Steinbach1.jpg\"><img decoding=\"async\" aria-describedby=\"caption-attachment-118256\" class=\"size-thumbnail wp-image-118256\" alt=\"Dajana Herbst, Gero und Konstantin Schmidt, Monja Bartholom\u00e4us und Hannah Lohfink (v.l.n.r.) basteln gemeinsam Papiertannenb\u00e4ume zum Aufh\u00e4ngen\" src=\"http:\/\/www.fuldaer-nachrichten.de\/wp-content\/uploads\/2013\/12\/567-Grundschule-Steinbach1-265x175.jpg\" width=\"265\" height=\"175\" srcset=\"https:\/\/www.fuldaernachrichten.de\/wp-content\/uploads\/2013\/12\/567-Grundschule-Steinbach1-265x175.jpg 265w, https:\/\/www.fuldaernachrichten.de\/wp-content\/uploads\/2013\/12\/567-Grundschule-Steinbach1.jpg 600w\" sizes=\"(max-width: 265px) 100vw, 265px\" \/><\/a><p id=\"caption-attachment-118256\" class=\"wp-caption-text\">Dajana Herbst, Gero und Konstantin Schmidt, Monja Bartholom\u00e4us und Hannah Lohfink (v.l.n.r.) basteln gemeinsam Papiertannenb\u00e4ume zum Aufh\u00e4ngen<\/p><\/div>\n<p>Mit 51 Sch\u00fclerinnen und Sch\u00fclern in drei Klassen und neun Lehrkr\u00e4ften geh\u00f6rt die im nord\u00f6stlichen Altkreis H\u00fcnfeld gelegene Schule zu den kleineren Grundschulen im Landkreis Fulda. Lobend erw\u00e4hnt Viola Hablawetz die gute Zusammenarbeit mit dem Schultr\u00e4ger und dem staatlichen Schulamt. Durch ihre zentrale Lage in dem 1600-Seelen-Dorf kann die Grundschule zu Fu\u00df erreicht werden, und der gro\u00dfz\u00fcgig angelegte Schulhof mit Bolzplatz, Spiel- und Kletterger\u00e4ten ist au\u00dferhalb der Unterrichtszeiten ein beliebter Treffpunkt f\u00fcr Kinder und Jugendliche.<\/p>\n<p>Im Schuljahr 2010\/2011 wurden in der Matth\u00e4us-Schule der flexible Schulanfang und der jahrgangsgemischte Unterricht eingef\u00fchrt. Der flexible Schulanfang erstreckt sich in der Regel \u00fcber zwei Jahre. Es besteht jedoch die M\u00f6glichkeit, danach ein weiteres Jahr in der ersten und zweiten Klasse zu verbleiben, ohne dass eine Anrechnung auf die Schulpflicht erfolgt. Das Kollegium versuche eine kompetenzorientierten Unterricht anzubieten, der den unterschiedlichen Leistungsniveaus gerecht werde. Deshalb k\u00e4men in den altersgemischten Klassen auch zwei Lehrkr\u00e4fte im Tandem zum Einsatz.<\/p>\n<p>Die Lehrkr\u00e4fte arbeiteten sehr differenziert arbeiten und bem\u00fchten sich, das jeweilige K\u00f6nnen der Sch\u00fcler ber\u00fccksichtigen. Durch die Verwendung von individuellen Lernmaterialien die Kinder ihre eigenen Fortschritte besser erkennen, was eine wichtige Erfahrung f\u00fcr das lebenslange Lernen darstelle, hebt Viola Hablawetz hervor. Ebenso wichtig wie die Vermittlung von Wissen sei die F\u00f6rderung der sozialen Kompetenz. In einer Art Patenschaft w\u00fcrden die Gr\u00f6\u00dferen f\u00fcr die Kleineren Verantwortung \u00fcbernehmen und h\u00e4tten Vorbildcharakter.<\/p>\n<p>Besondere Bedeutung hat der 1995 gegr\u00fcndete F\u00f6rderverein Matth\u00e4us-Schule (Vorsitzende Silke Fl\u00fcgel). Er setzt sich f\u00fcr den Fortbestand der Schule ein, unterst\u00fctzt die Anschaffung von Materialien f\u00fcr den Unterricht, von Pausenhofger\u00e4ten oder die Einrichtung der Schulk\u00fcche. Zudem besteht eine Kooperation mit dem Sozialverband VdK, der den Erl\u00f6s aus der Krippenausstellung dem F\u00f6rderverein zukommen l\u00e4sst. Dass die Matth\u00e4us-Schule Zukunft hat, zeigt sich auch daran, dass vom Landkreis Fulda ein Umbau des Verwaltungstrakts f\u00fcr das Fr\u00fchjahr 2014 geplant ist. (Fotos &amp; Text: Winfried M\u00f6ller)<\/p>\n","protected":false},"excerpt":{"rendered":"<div class=\"tmnf_excerpt\"><p>Burghaun. Es duftet nach frisch gebackenen Pl\u00e4tzchen. Kinder laufen durch die G\u00e4nge, gr\u00fc\u00dfen freundlich und verschwinden in einem der offenen Klassenr\u00e4ume. Man habe heute den Projekttag in der Adventszeit mit Werk- und Bastelarbeiten f\u00fcr Weihnachten, berichtet Schulleiterin Viola Hablawetz (43), die seit 2010 Leiterin der Matth\u00e4us-Schule im Burghauner Ortsteil Steinbach ist. In den Klassenr\u00e4umen sind &hellip;<\/p>\n<\/div>","protected":false},"author":1,"featured_media":0,"comment_status":"closed","ping_status":"closed","sticky":false,"template":"","format":"standard","meta":{"footnotes":""},"categories":[1,53,78],"tags":[],"class_list":["post-118255","post","type-post","status-publish","format-standard","hentry","category-startseite","category-bildung","category-topthema"],"_links":{"self":[{"href":"https:\/\/www.fuldaernachrichten.de\/index.php?rest_route=\/wp\/v2\/posts\/118255","targetHints":{"allow":["GET"]}}],"collection":[{"href":"https:\/\/www.fuldaernachrichten.de\/index.php?rest_route=\/wp\/v2\/posts"}],"about":[{"href":"https:\/\/www.fuldaernachrichten.de\/index.php?rest_route=\/wp\/v2\/types\/post"}],"author":[{"embeddable":true,"href":"https:\/\/www.fuldaernachrichten.de\/index.php?rest_route=\/wp\/v2\/users\/1"}],"replies":[{"embeddable":true,"href":"https:\/\/www.fuldaernachrichten.de\/index.php?rest_route=%2Fwp%2Fv2%2Fcomments&post=118255"}],"version-history":[{"count":1,"href":"https:\/\/www.fuldaernachrichten.de\/index.php?rest_route=\/wp\/v2\/posts\/118255\/revisions"}],"predecessor-version":[{"id":118258,"href":"https:\/\/www.fuldaernachrichten.de\/index.php?rest_route=\/wp\/v2\/posts\/118255\/revisions\/118258"}],"wp:attachment":[{"href":"https:\/\/www.fuldaernachrichten.de\/index.php?rest_route=%2Fwp%2Fv2%2Fmedia&parent=118255"}],"wp:term":[{"taxonomy":"category","embeddable":true,"href":"https:\/\/www.fuldaernachrichten.de\/index.php?rest_route=%2Fwp%2Fv2%2Fcategories&post=118255"},{"taxonomy":"post_tag","embeddable":true,"href":"https:\/\/www.fuldaernachrichten.de\/index.php?rest_route=%2Fwp%2Fv2%2Ftags&post=118255"}],"curies":[{"name":"wp","href":"https:\/\/api.w.org\/{rel}","templated":true}]}}