{"id":118253,"date":"2013-12-26T00:24:04","date_gmt":"2013-12-26T00:24:04","guid":{"rendered":"http:\/\/www.fuldaer-nachrichten.de\/?p=118253"},"modified":"2013-12-26T09:24:50","modified_gmt":"2013-12-26T09:24:50","slug":"erstmals-seit-vier-jahren-kreishaushalt-wieder-ausgeglichen","status":"publish","type":"post","link":"https:\/\/www.fuldaernachrichten.de\/?p=118253","title":{"rendered":"Erstmals seit vier Jahren Kreishaushalt wieder ausgeglichen"},"content":{"rendered":"<p>Neuhof. Mit einer h\u00f6chst erfreulichen Nachricht, in der sich die traditionell sparsame Haushaltswirtschaft des Landkreises wiederspiegelt, konnte Landrat Bernd Woide bei der Kreistagssitzung am Montag in Neuhof aufwarten. Der vom Kreisausschuss eingebrachte Haushaltsentwurf f\u00fcr 2014 ist erstmals seit vier Jahren ausgeglichen. Aufwendungen im Ergebnishaushalt von 279,6 Millionen Euro stehen Ertr\u00e4ge von 279,7 Millionen Euro gegen\u00fcber.<!--more--><\/p>\n<p>Positive Ergebnisse von 4,04 und (voraussichtlich) 1,2 Millionen Euro weisen bereits die Jahresergebnisse 2012 und 2013 aus. Dies betrifft jedoch nur den Haushaltsvollzug. Im kommenden Jahr soll jetzt auch im Planansatz ein ausgeglichener Haushalt umgesetzt werden. Hessenweit ist der Landkreis Fulda gegenw\u00e4rtig der einzige Landkreis, der ohne die Aufnahme von Kassenkrediten auskommt und folglich seine Leistungen \u00fcber eigene Ertr\u00e4ge finanziert.<\/p>\n<p>Diese in erster Linie Verbesserungen beim Kommunalen Finanzausgleich sowie Entlastungen bei der Grundsicherung im Alter geschuldeten Entwicklung sollte, so Landrat Woide, \u201ezwar Grund zur Zuversicht sein, uns aber nicht euphorisch oder \u00fcberheblich werden lassen\u201c. Ein \u201ewaches Auge\u201c m\u00fcsse man vor allem auf die investive Verschuldung haben. Hier wirke sich die erhebliche Investitionst\u00e4tigkeit des Kreises in den vergangenen Jahren aus.<\/p>\n<p>Trotz Haushaltsausgleich werde die Verschuldung im Etatentwurf 2014 steigen, da der Ergebnishaushalt keine gen\u00fcgenden \u00dcbersch\u00fcsse zur Eigenfinanzierung der notwendigen Investitionen erwirtschafte, so Woide. Der Landkreis m\u00fcsse auch weiterhin seine Investitionst\u00e4tigkeit fast ausschlie\u00dflich \u00fcber Zusch\u00fcsse und Kredite finanzieren. Dabei handele es sich bei den Krediten zum \u00fcberwiegenden Teil um zinsfreie oder zinsverbilligte F\u00f6rderkredite.<\/p>\n<p>Auch der Hessische Landesrechnungshof habe dem Landkreis Fulda in einem Bericht zur Lage der hessischen Kommunen bei der Inanspruchnahme von Kassenkrediten und der Verschuldung ein hervorragendes Zeugnis ausgestellt. \u201eIch werte dies als Aufforderung, alles zu tun, dass es weiterhin so bleibt\u201c, betonte Woide, der Schulen und Kreisstra\u00dfen als Schwerpunkte der Investitionst\u00e4tigkeit des Landkreises auch im kommenden Jahr bezeichnete.<\/p>\n","protected":false},"excerpt":{"rendered":"<div class=\"tmnf_excerpt\"><p>Neuhof. Mit einer h\u00f6chst erfreulichen Nachricht, in der sich die traditionell sparsame Haushaltswirtschaft des Landkreises wiederspiegelt, konnte Landrat Bernd Woide bei der Kreistagssitzung am Montag in Neuhof aufwarten. Der vom Kreisausschuss eingebrachte Haushaltsentwurf f\u00fcr 2014 ist erstmals seit vier Jahren ausgeglichen. Aufwendungen im Ergebnishaushalt von 279,6 Millionen Euro stehen Ertr\u00e4ge von 279,7 Millionen Euro gegen\u00fcber.<\/p>\n<\/div>","protected":false},"author":1,"featured_media":0,"comment_status":"closed","ping_status":"closed","sticky":false,"template":"","format":"standard","meta":{"footnotes":""},"categories":[1,29],"tags":[],"class_list":["post-118253","post","type-post","status-publish","format-standard","hentry","category-startseite","category-politik"],"_links":{"self":[{"href":"https:\/\/www.fuldaernachrichten.de\/index.php?rest_route=\/wp\/v2\/posts\/118253","targetHints":{"allow":["GET"]}}],"collection":[{"href":"https:\/\/www.fuldaernachrichten.de\/index.php?rest_route=\/wp\/v2\/posts"}],"about":[{"href":"https:\/\/www.fuldaernachrichten.de\/index.php?rest_route=\/wp\/v2\/types\/post"}],"author":[{"embeddable":true,"href":"https:\/\/www.fuldaernachrichten.de\/index.php?rest_route=\/wp\/v2\/users\/1"}],"replies":[{"embeddable":true,"href":"https:\/\/www.fuldaernachrichten.de\/index.php?rest_route=%2Fwp%2Fv2%2Fcomments&post=118253"}],"version-history":[{"count":1,"href":"https:\/\/www.fuldaernachrichten.de\/index.php?rest_route=\/wp\/v2\/posts\/118253\/revisions"}],"predecessor-version":[{"id":118254,"href":"https:\/\/www.fuldaernachrichten.de\/index.php?rest_route=\/wp\/v2\/posts\/118253\/revisions\/118254"}],"wp:attachment":[{"href":"https:\/\/www.fuldaernachrichten.de\/index.php?rest_route=%2Fwp%2Fv2%2Fmedia&parent=118253"}],"wp:term":[{"taxonomy":"category","embeddable":true,"href":"https:\/\/www.fuldaernachrichten.de\/index.php?rest_route=%2Fwp%2Fv2%2Fcategories&post=118253"},{"taxonomy":"post_tag","embeddable":true,"href":"https:\/\/www.fuldaernachrichten.de\/index.php?rest_route=%2Fwp%2Fv2%2Ftags&post=118253"}],"curies":[{"name":"wp","href":"https:\/\/api.w.org\/{rel}","templated":true}]}}